{"id":77423,"date":"2015-11-11T17:48:47","date_gmt":"2015-11-11T19:48:47","guid":{"rendered":"http:\/\/www.redenoticia.com.br\/noticia\/?p=77423"},"modified":"2015-11-11T17:48:47","modified_gmt":"2015-11-11T19:48:47","slug":"ministerio-da-saude-lanca-plano-de-eliminacao-da-malaria-no-brasil","status":"publish","type":"post","link":"https:\/\/migracao.redenoticia.com.br\/noticia\/2015\/ministerio-da-saude-lanca-plano-de-eliminacao-da-malaria-no-brasil\/77423","title":{"rendered":"Minist\u00e9rio da Sa\u00fade lan\u00e7a Plano de Elimina\u00e7\u00e3o da Mal\u00e1ria no Brasil"},"content":{"rendered":"<p> O Minist\u00e9rio da Sa\u00fade lan\u00e7ou o Plano de Elimina\u00e7\u00e3o da <strong><em>Mal\u00e1ria<\/em><\/strong> do Brasil. O documento fornece orienta\u00e7\u00f5es para os munic\u00edpios e define estrat\u00e9gias para o diagn\u00f3stico, tratamento e controle da doen\u00e7a. A medida faz parte dos Objetivos de Desenvolvimento Sustent\u00e1vel (ODS) da Organiza\u00e7\u00e3o das Na\u00e7\u00f5es Unidas (ONU), que t\u00eam como meta a redu\u00e7\u00e3o de pelo menos 90% dos casos at\u00e9 2030 e da elimina\u00e7\u00e3o da mal\u00e1ria em pelo menos 35 pa\u00edses.<\/p>\n<p>Em 2014, o Brasil registrou 143.250 casos de mal\u00e1ria, o menor n\u00famero nos \u00faltimos 35 anos. Desde 2000, houve uma redu\u00e7\u00e3o de mais de 50% no n\u00famero de casos. O secret\u00e1rio de Vigil\u00e2ncia em Sa\u00fade do Minist\u00e9rio da Sa\u00fade, Ant\u00f4nio Nardi, afirmou que apesar dos resultados j\u00e1 alcan\u00e7ados, as a\u00e7\u00f5es precisam continuar para que o Brasil possa, no futuro, alcan\u00e7ar a meta de total elimina\u00e7\u00e3o da doen\u00e7a.<\/p>\n<p>A mal\u00e1ria \u00e9 uma doen\u00e7a caracter\u00edstica da regi\u00e3o da Amaz\u00f4nia e est\u00e1 presente nos estados do Acre, Amazonas, Amap\u00e1, Par\u00e1, de Rond\u00f4nia, Roraima, do Tocantins, de Mato Grosso e do Maranh\u00e3o. A regi\u00e3o \u00e9 respons\u00e1vel por 99% dos casos aut\u00f3ctones do pa\u00eds. Fora da regi\u00e3o amaz\u00f4nica, mais de 80% dos casos registrados s\u00e3o importados dos estados pertencentes \u00e0 \u00e1rea end\u00eamica brasileira, de outros pa\u00edses amaz\u00f4nicos, do Continente Africano ou do Paraguai.<\/p>\n<p> Da Ag\u00eancia Brasil<br \/>\nEdi\u00e7\u00e3o: Gra\u00e7a Adjuto<br \/>\n11\/11\/2015<\/p>\n","protected":false},"excerpt":{"rendered":"<p>O Minist\u00e9rio da Sa\u00fade lan\u00e7ou o Plano de Elimina\u00e7\u00e3o da Mal\u00e1ria do Brasil. O documento fornece orienta\u00e7\u00f5es para os munic\u00edpios e define estrat\u00e9gias para o diagn\u00f3stico, tratamento e controle da doen\u00e7a. A medida faz parte dos Objetivos de Desenvolvimento Sustent\u00e1vel (ODS) da Organiza\u00e7\u00e3o das Na\u00e7\u00f5es Unidas (ONU), que t\u00eam como meta a redu\u00e7\u00e3o de pelo [&hellip;]<\/p>\n","protected":false},"author":2,"featured_media":40847,"comment_status":"open","ping_status":"closed","sticky":false,"template":"","format":"standard","meta":{"tdm_status":"","tdm_grid_status":"","footnotes":""},"categories":[22,5],"tags":[],"class_list":{"0":"post-77423","1":"post","2":"type-post","3":"status-publish","4":"format-standard","5":"has-post-thumbnail","7":"category-brasil","8":"category-saude-e-vida"},"_links":{"self":[{"href":"https:\/\/migracao.redenoticia.com.br\/noticia\/wp-json\/wp\/v2\/posts\/77423","targetHints":{"allow":["GET"]}}],"collection":[{"href":"https:\/\/migracao.redenoticia.com.br\/noticia\/wp-json\/wp\/v2\/posts"}],"about":[{"href":"https:\/\/migracao.redenoticia.com.br\/noticia\/wp-json\/wp\/v2\/types\/post"}],"author":[{"embeddable":true,"href":"https:\/\/migracao.redenoticia.com.br\/noticia\/wp-json\/wp\/v2\/users\/2"}],"replies":[{"embeddable":true,"href":"https:\/\/migracao.redenoticia.com.br\/noticia\/wp-json\/wp\/v2\/comments?post=77423"}],"version-history":[{"count":0,"href":"https:\/\/migracao.redenoticia.com.br\/noticia\/wp-json\/wp\/v2\/posts\/77423\/revisions"}],"wp:featuredmedia":[{"embeddable":true,"href":"https:\/\/migracao.redenoticia.com.br\/noticia\/wp-json\/wp\/v2\/media\/40847"}],"wp:attachment":[{"href":"https:\/\/migracao.redenoticia.com.br\/noticia\/wp-json\/wp\/v2\/media?parent=77423"}],"wp:term":[{"taxonomy":"category","embeddable":true,"href":"https:\/\/migracao.redenoticia.com.br\/noticia\/wp-json\/wp\/v2\/categories?post=77423"},{"taxonomy":"post_tag","embeddable":true,"href":"https:\/\/migracao.redenoticia.com.br\/noticia\/wp-json\/wp\/v2\/tags?post=77423"}],"curies":[{"name":"wp","href":"https:\/\/api.w.org\/{rel}","templated":true}]}}