{"id":77449,"date":"2015-11-12T15:40:21","date_gmt":"2015-11-12T17:40:21","guid":{"rendered":"http:\/\/www.redenoticia.com.br\/noticia\/?p=77449"},"modified":"2015-11-12T15:40:21","modified_gmt":"2015-11-12T17:40:21","slug":"fuvest-divulga-relacao-candidato-por-vaga-para-vestibular-2016","status":"publish","type":"post","link":"https:\/\/migracao.redenoticia.com.br\/noticia\/2015\/fuvest-divulga-relacao-candidato-por-vaga-para-vestibular-2016\/77449","title":{"rendered":"Fuvest divulga rela\u00e7\u00e3o candidato por vaga para Vestibular 2016"},"content":{"rendered":"<p> A Funda\u00e7\u00e3o Universit\u00e1ria para o Vestibular (<strong><em>Fuvest<\/em><\/strong>) divulgou a rela\u00e7\u00e3o candidato por vaga para a primeira fase do Vestibular 2016. Esta edi\u00e7\u00e3o do concurso conta com 142.721 inscritos, n\u00famero que apresenta um aumento consider\u00e1vel em rela\u00e7\u00e3o ao exame anterior, que registrou 141.888 candidatos.<\/p>\n<p>Dentre os cursos com mais candidatos por vagas, est\u00e3o Psicologia (59,80), Medicina (58,75) e Rela\u00e7\u00f5es Internacionais (43,08). O curso de Medicina em Ribeir\u00e3o Preto \u00e9 o que mais apresentou mudan\u00e7as em seus n\u00fameros, passando de 50,51 candidatos por vagas em 2015 para 71,93 em 2016.<\/p>\n<p>Por outro lado, alguns dos cursos mais concorridos apresentaram menor n\u00famero de inscritos, como foi o caso de Jornalismo (passou de 36,75 para 33,53) e Engenharia Civil em S\u00e3o Carlos (de 40,03, foi para 33,63). A rela\u00e7\u00e3o completa de candidato por vagas est\u00e1 disponibilizada no site da .<\/p>\n<p>Todos estes candidatos disputam um total de 9.568 vagas. O Sistema de Sele\u00e7\u00e3o Unificada (SISU), por meio do desempenho do ENEM 2015, ofertou 1.489 vagas a mais e assim cresceu em rela\u00e7\u00e3o ao ano anterior. O exame tamb\u00e9m disponibiliza 120 vagas para a Faculdade de Ci\u00eancias M\u00e9dicas da Santa Casa de S\u00e3o Paulo.<\/p>\n<p>Do Portal do Governo do Estado SP<\/p>\n","protected":false},"excerpt":{"rendered":"<p>A Funda\u00e7\u00e3o Universit\u00e1ria para o Vestibular (Fuvest) divulgou a rela\u00e7\u00e3o candidato por vaga para a primeira fase do Vestibular 2016. Esta edi\u00e7\u00e3o do concurso conta com 142.721 inscritos, n\u00famero que apresenta um aumento consider\u00e1vel em rela\u00e7\u00e3o ao exame anterior, que registrou 141.888 candidatos. Dentre os cursos com mais candidatos por vagas, est\u00e3o Psicologia (59,80), Medicina [&hellip;]<\/p>\n","protected":false},"author":2,"featured_media":19970,"comment_status":"open","ping_status":"closed","sticky":false,"template":"","format":"standard","meta":{"tdm_status":"","tdm_grid_status":"","footnotes":""},"categories":[22,370,295],"tags":[],"class_list":{"0":"post-77449","1":"post","2":"type-post","3":"status-publish","4":"format-standard","5":"has-post-thumbnail","7":"category-brasil","8":"category-inscricao","9":"category-vestibular"},"_links":{"self":[{"href":"https:\/\/migracao.redenoticia.com.br\/noticia\/wp-json\/wp\/v2\/posts\/77449","targetHints":{"allow":["GET"]}}],"collection":[{"href":"https:\/\/migracao.redenoticia.com.br\/noticia\/wp-json\/wp\/v2\/posts"}],"about":[{"href":"https:\/\/migracao.redenoticia.com.br\/noticia\/wp-json\/wp\/v2\/types\/post"}],"author":[{"embeddable":true,"href":"https:\/\/migracao.redenoticia.com.br\/noticia\/wp-json\/wp\/v2\/users\/2"}],"replies":[{"embeddable":true,"href":"https:\/\/migracao.redenoticia.com.br\/noticia\/wp-json\/wp\/v2\/comments?post=77449"}],"version-history":[{"count":0,"href":"https:\/\/migracao.redenoticia.com.br\/noticia\/wp-json\/wp\/v2\/posts\/77449\/revisions"}],"wp:featuredmedia":[{"embeddable":true,"href":"https:\/\/migracao.redenoticia.com.br\/noticia\/wp-json\/wp\/v2\/media\/19970"}],"wp:attachment":[{"href":"https:\/\/migracao.redenoticia.com.br\/noticia\/wp-json\/wp\/v2\/media?parent=77449"}],"wp:term":[{"taxonomy":"category","embeddable":true,"href":"https:\/\/migracao.redenoticia.com.br\/noticia\/wp-json\/wp\/v2\/categories?post=77449"},{"taxonomy":"post_tag","embeddable":true,"href":"https:\/\/migracao.redenoticia.com.br\/noticia\/wp-json\/wp\/v2\/tags?post=77449"}],"curies":[{"name":"wp","href":"https:\/\/api.w.org\/{rel}","templated":true}]}}