{"id":77457,"date":"2015-11-12T15:47:52","date_gmt":"2015-11-12T17:47:52","guid":{"rendered":"http:\/\/www.redenoticia.com.br\/noticia\/?p=77457"},"modified":"2015-11-12T15:47:52","modified_gmt":"2015-11-12T17:47:52","slug":"comissao-da-camara-aprova-criacao-de-plano-para-reduzir-mortes-no-transito","status":"publish","type":"post","link":"https:\/\/migracao.redenoticia.com.br\/noticia\/2015\/comissao-da-camara-aprova-criacao-de-plano-para-reduzir-mortes-no-transito\/77457","title":{"rendered":"Comiss\u00e3o da C\u00e2mara aprova cria\u00e7\u00e3o de plano para reduzir mortes no tr\u00e2nsito"},"content":{"rendered":"<p> A Comiss\u00e3o de Via\u00e7\u00e3o e Transportes da C\u00e2mara dos Deputados aprovou a cria\u00e7\u00e3o do Plano Nacional de <strong><em>Redu\u00e7\u00e3o de Mortes e Les\u00f5es no Tr\u00e2nsito<\/em><\/strong> (Pnatrans). O objetivo da proposta, de autoria do deputado Paulo Foletto (PSB-ES) e do ex-deputado Beto Albuquerque, \u00e9 reduzir \u00e0 metade, no prazo de dez anos, o \u00edndice nacional de mortos em acidentes de tr\u00e2nsito no Pa\u00eds.<\/p>\n<p>O projeto (PL 8272\/14) determina que as pol\u00edticas p\u00fablicas do Sistema Nacional de Tr\u00e2nsito referentes \u00e0 seguran\u00e7a dever\u00e3o voltar-se prioritariamente ao cumprimento de metas anuais de redu\u00e7\u00e3o no n\u00famero de mortes no tr\u00e2nsito. O plano dever\u00e1 ser elaborado em conjunto pelos \u00f3rg\u00e3os de sa\u00fade, tr\u00e2nsito, transportes e justi\u00e7a.<\/p>\n<p>O texto acrescenta dispositivos ao C\u00f3digo de Tr\u00e2nsito Brasileiro (Lei 9.503\/97) e tamb\u00e9m determina que a atua\u00e7\u00e3o dos integrantes do Sistema Nacional de Tr\u00e2nsito dever\u00e1 priorizar o cumprimento de metas anuais de redu\u00e7\u00e3o de mortes por grupo de ve\u00edculos e por grupo de habitantes, ambos apurados por estado e por ano.<\/p>\n<p>De acordo com o projeto, as metas dever\u00e3o ser fixadas pelo Conselho Nacional de Tr\u00e2nsito (Contran) para cada um dos estados e o Distrito Federal, por meio de propostas dos conselhos Estaduais de Tr\u00e2nsito (Cetrans) e do Conselho de Tr\u00e2nsito do Distrito Federal (Contrandife).<\/p>\n<p>Da Ag\u00eancia Brasil<br \/>\nCom informa\u00e7\u00f5es da Ag\u00eancia C\u00e2mara<br \/>\nEdi\u00e7\u00e3o: Armando Cardoso<br \/>\n12\/11\/2015<\/p>\n","protected":false},"excerpt":{"rendered":"<p>A Comiss\u00e3o de Via\u00e7\u00e3o e Transportes da C\u00e2mara dos Deputados aprovou a cria\u00e7\u00e3o do Plano Nacional de Redu\u00e7\u00e3o de Mortes e Les\u00f5es no Tr\u00e2nsito (Pnatrans). O objetivo da proposta, de autoria do deputado Paulo Foletto (PSB-ES) e do ex-deputado Beto Albuquerque, \u00e9 reduzir \u00e0 metade, no prazo de dez anos, o \u00edndice nacional de mortos [&hellip;]<\/p>\n","protected":false},"author":2,"featured_media":35207,"comment_status":"open","ping_status":"closed","sticky":false,"template":"","format":"standard","meta":{"tdm_status":"","tdm_grid_status":"","footnotes":""},"categories":[22],"tags":[],"class_list":{"0":"post-77457","1":"post","2":"type-post","3":"status-publish","4":"format-standard","5":"has-post-thumbnail","7":"category-brasil"},"_links":{"self":[{"href":"https:\/\/migracao.redenoticia.com.br\/noticia\/wp-json\/wp\/v2\/posts\/77457","targetHints":{"allow":["GET"]}}],"collection":[{"href":"https:\/\/migracao.redenoticia.com.br\/noticia\/wp-json\/wp\/v2\/posts"}],"about":[{"href":"https:\/\/migracao.redenoticia.com.br\/noticia\/wp-json\/wp\/v2\/types\/post"}],"author":[{"embeddable":true,"href":"https:\/\/migracao.redenoticia.com.br\/noticia\/wp-json\/wp\/v2\/users\/2"}],"replies":[{"embeddable":true,"href":"https:\/\/migracao.redenoticia.com.br\/noticia\/wp-json\/wp\/v2\/comments?post=77457"}],"version-history":[{"count":0,"href":"https:\/\/migracao.redenoticia.com.br\/noticia\/wp-json\/wp\/v2\/posts\/77457\/revisions"}],"wp:featuredmedia":[{"embeddable":true,"href":"https:\/\/migracao.redenoticia.com.br\/noticia\/wp-json\/wp\/v2\/media\/35207"}],"wp:attachment":[{"href":"https:\/\/migracao.redenoticia.com.br\/noticia\/wp-json\/wp\/v2\/media?parent=77457"}],"wp:term":[{"taxonomy":"category","embeddable":true,"href":"https:\/\/migracao.redenoticia.com.br\/noticia\/wp-json\/wp\/v2\/categories?post=77457"},{"taxonomy":"post_tag","embeddable":true,"href":"https:\/\/migracao.redenoticia.com.br\/noticia\/wp-json\/wp\/v2\/tags?post=77457"}],"curies":[{"name":"wp","href":"https:\/\/api.w.org\/{rel}","templated":true}]}}