{"id":77459,"date":"2015-11-12T15:50:22","date_gmt":"2015-11-12T17:50:22","guid":{"rendered":"http:\/\/www.redenoticia.com.br\/noticia\/?p=77459"},"modified":"2015-11-12T15:50:22","modified_gmt":"2015-11-12T17:50:22","slug":"vendas-no-comercio-caem-05-em-setembro-diz-ibge","status":"publish","type":"post","link":"https:\/\/migracao.redenoticia.com.br\/noticia\/2015\/vendas-no-comercio-caem-05-em-setembro-diz-ibge\/77459","title":{"rendered":"Vendas no com\u00e9rcio caem 0,5% em setembro, diz IBGE"},"content":{"rendered":"<p>O volume de <strong><em>vendas do com\u00e9rcio varejista<\/em><\/strong> recuou 0,5% em setembro, em compara\u00e7\u00e3o a agosto, informou o Instituto Brasileiro de Geografia e Estat\u00edstica (IBGE). Foi o oitavo resultado negativo seguido. A receita nominal do com\u00e9rcio varejista, por\u00e9m, permaneceu est\u00e1vel (0,1%) pelo segundo m\u00eas consecutivo. De janeiro a setembro de 2015, as taxas acumuladas no varejo ficaram em -3,3% e nos \u00faltimos 12 meses em -2,1%.<\/p>\n<p>O com\u00e9rcio varejista ampliado, que inclui o varejo e as atividades de ve\u00edculos, motos, partes e pe\u00e7as e de material de constru\u00e7\u00e3o, voltou a registrar varia\u00e7\u00e3o negativa na margem, com decr\u00e9scimo de 1,5% em rela\u00e7\u00e3o a agosto na s\u00e9rie com ajuste sazonal. A receita nominal ficou em -1,2%. Em rela\u00e7\u00e3o ao mesmo m\u00eas do ano anterior, o varejo ampliado registrou quedas de 11,5% para o volume de vendas e de 4,4% para receita nominal. No que se refere \u00e0s taxas acumuladas, os resultados foram: -7,4% no acumulado do ano e de -6% nos \u00faltimos 12 meses, para o volume de vendas, e de 1,1% e 0,1% para a receita nominal, respectivamente.<\/p>\n<p>De acordo com o IBGE, oito das 10 atividades pesquisadas apresentaram varia\u00e7\u00e3o negativa em setembro em compara\u00e7\u00e3o a agosto. As maiores taxas negativas foram: ve\u00edculos, motos, partes e pe\u00e7as (-4%); outros artigos de uso pessoal e dom\u00e9stico (-3,8%); e equipamentos e material para escrit\u00f3rio, inform\u00e1tica e comunica\u00e7\u00e3o (1,7%).<\/p>\n<p>J\u00e1 a venda de m\u00f3veis e eletrodom\u00e9sticos ficou est\u00e1vel este m\u00eas (0%), ap\u00f3s sete quedas consecutivas. O setor de maior peso no com\u00e9rcio varejista, que inclui hipermercados, supermercados, produtos aliment\u00edcios, bebidas e fumo, permanece praticamente est\u00e1vel (0,1%) pelo segundo m\u00eas consecutivo. <\/p>\n<p>Na compara\u00e7\u00e3o com setembro do ano anterior, em volume de vendas, todas as oito atividades pesquisadas no varejo apresentaram varia\u00e7\u00f5es negativas. O principal destaque foi m\u00f3veis e eletrodom\u00e9sticos (-17,9%); seguido por hipermercados, supermercados, produtos aliment\u00edcios, bebidas e fumo (-2,2%); combust\u00edveis e lubrificantes (-8,7%) e tecidos, vestu\u00e1rios e cal\u00e7ados (-12,9%). Esses segmentos do varejo responderam por mais de 80% da taxa global.<\/p>\n<p>Ag\u00eancia Brasil<br \/>\nEdi\u00e7\u00e3o: Jos\u00e9 Romildo<br \/>\n12\/11\/2015<\/p>\n","protected":false},"excerpt":{"rendered":"<p>O volume de vendas do com\u00e9rcio varejista recuou 0,5% em setembro, em compara\u00e7\u00e3o a agosto, informou o Instituto Brasileiro de Geografia e Estat\u00edstica (IBGE). Foi o oitavo resultado negativo seguido. A receita nominal do com\u00e9rcio varejista, por\u00e9m, permaneceu est\u00e1vel (0,1%) pelo segundo m\u00eas consecutivo. De janeiro a setembro de 2015, as taxas acumuladas no varejo [&hellip;]<\/p>\n","protected":false},"author":2,"featured_media":57584,"comment_status":"open","ping_status":"closed","sticky":false,"template":"","format":"standard","meta":{"tdm_status":"","tdm_grid_status":"","footnotes":""},"categories":[22,7],"tags":[],"class_list":{"0":"post-77459","1":"post","2":"type-post","3":"status-publish","4":"format-standard","5":"has-post-thumbnail","7":"category-brasil","8":"category-economia"},"_links":{"self":[{"href":"https:\/\/migracao.redenoticia.com.br\/noticia\/wp-json\/wp\/v2\/posts\/77459","targetHints":{"allow":["GET"]}}],"collection":[{"href":"https:\/\/migracao.redenoticia.com.br\/noticia\/wp-json\/wp\/v2\/posts"}],"about":[{"href":"https:\/\/migracao.redenoticia.com.br\/noticia\/wp-json\/wp\/v2\/types\/post"}],"author":[{"embeddable":true,"href":"https:\/\/migracao.redenoticia.com.br\/noticia\/wp-json\/wp\/v2\/users\/2"}],"replies":[{"embeddable":true,"href":"https:\/\/migracao.redenoticia.com.br\/noticia\/wp-json\/wp\/v2\/comments?post=77459"}],"version-history":[{"count":0,"href":"https:\/\/migracao.redenoticia.com.br\/noticia\/wp-json\/wp\/v2\/posts\/77459\/revisions"}],"wp:featuredmedia":[{"embeddable":true,"href":"https:\/\/migracao.redenoticia.com.br\/noticia\/wp-json\/wp\/v2\/media\/57584"}],"wp:attachment":[{"href":"https:\/\/migracao.redenoticia.com.br\/noticia\/wp-json\/wp\/v2\/media?parent=77459"}],"wp:term":[{"taxonomy":"category","embeddable":true,"href":"https:\/\/migracao.redenoticia.com.br\/noticia\/wp-json\/wp\/v2\/categories?post=77459"},{"taxonomy":"post_tag","embeddable":true,"href":"https:\/\/migracao.redenoticia.com.br\/noticia\/wp-json\/wp\/v2\/tags?post=77459"}],"curies":[{"name":"wp","href":"https:\/\/api.w.org\/{rel}","templated":true}]}}