{"id":77460,"date":"2015-11-12T15:52:42","date_gmt":"2015-11-12T17:52:42","guid":{"rendered":"http:\/\/www.redenoticia.com.br\/noticia\/?p=77460"},"modified":"2015-11-12T15:52:42","modified_gmt":"2015-11-12T17:52:42","slug":"juros-do-cartao-de-credito-chegam-a-36827-ao-ano-diz-anefac","status":"publish","type":"post","link":"https:\/\/migracao.redenoticia.com.br\/noticia\/2015\/juros-do-cartao-de-credito-chegam-a-36827-ao-ano-diz-anefac\/77460","title":{"rendered":"Juros do cart\u00e3o de cr\u00e9dito chegam a 368,27% ao ano, diz Anefac"},"content":{"rendered":"<p> Os <strong><em>juros das opera\u00e7\u00f5es de cr\u00e9dito<\/em><\/strong> voltaram a subir em outubro deste ano, conforme pesquisa divulgada pela Associa\u00e7\u00e3o Nacional dos Executivos de Finan\u00e7as (Anefac). Das seis linhas de cr\u00e9dito avaliadas, todas apresentaram eleva\u00e7\u00e3o no m\u00eas (juros do com\u00e9rcio, cart\u00e3o de cr\u00e9dito rotativo, cheque especial, CDC-bancos-financiamento de ve\u00edculos, empr\u00e9stimo pessoal-bancos e empr\u00e9stimo pessoal-financeiras). Com a alta, a taxa m\u00e9dia de juros cobrada das pessoas f\u00edsicas teve alta de 131,1% ao ano, em setembro, para 132,91% ao ano em outubro \u2013 a maior desde abril de 2009.<\/p>\n<p>No cart\u00e3o de cr\u00e9dito, a taxa passou de 361,40% ao ano (setembro) para 368,27% ao ano (outubro). No cheque especial, os juros cobrados chegaram a 226,39% ao ano, em outubro, os maiores desde setembro de 1999, quando foi registrada taxa de 241,98% ao ano.<\/p>\n<p>Segundo a Anefac, as eleva\u00e7\u00f5es decorrem do &#8220;cen\u00e1rio econ\u00f4mico que aumenta o risco do crescimento nos \u00edndices de inadimpl\u00eancia. Este cen\u00e1rio se baseia no fato dos \u00edndices de infla\u00e7\u00e3o mais elevados, aumento de impostos e juros maiores reduzirem a renda das fam\u00edlias. Agregado a isto o baixo crescimento econ\u00f4mico, o que deve promover no crescimento dos \u00edndices de desemprego. Tudo isto somado e o fato de que as expectativas para 2015\/2016 serem igualmente negativas quanto a todas estes fatores leva as institui\u00e7\u00f5es financeiras a aumentarem suas taxas de juros para compensar prov\u00e1veis perdas com a eleva\u00e7\u00e3o da inadimpl\u00eancia&#8221;.<\/p>\n<p>Empresas<\/p>\n<p>As linhas de cr\u00e9dito para as empresas tamb\u00e9m apresentaram eleva\u00e7\u00e3o. Para pessoa jur\u00eddica, a taxa passou de 62,33% ao ano, em setembro, para 63,08% ao ano, em outubro deste ano &#8211; a maior desde abril de 2009. <\/p>\n<p>Da Ag\u00eancia Brasil<br \/>\nEdi\u00e7\u00e3o: Carolina Pimentel<br \/>\n12\/11\/2015<\/p>\n","protected":false},"excerpt":{"rendered":"<p>Os juros das opera\u00e7\u00f5es de cr\u00e9dito voltaram a subir em outubro deste ano, conforme pesquisa divulgada pela Associa\u00e7\u00e3o Nacional dos Executivos de Finan\u00e7as (Anefac). Das seis linhas de cr\u00e9dito avaliadas, todas apresentaram eleva\u00e7\u00e3o no m\u00eas (juros do com\u00e9rcio, cart\u00e3o de cr\u00e9dito rotativo, cheque especial, CDC-bancos-financiamento de ve\u00edculos, empr\u00e9stimo pessoal-bancos e empr\u00e9stimo pessoal-financeiras). Com a alta, [&hellip;]<\/p>\n","protected":false},"author":2,"featured_media":35203,"comment_status":"open","ping_status":"closed","sticky":false,"template":"","format":"standard","meta":{"tdm_status":"","tdm_grid_status":"","footnotes":""},"categories":[22,7],"tags":[],"class_list":{"0":"post-77460","1":"post","2":"type-post","3":"status-publish","4":"format-standard","5":"has-post-thumbnail","7":"category-brasil","8":"category-economia"},"_links":{"self":[{"href":"https:\/\/migracao.redenoticia.com.br\/noticia\/wp-json\/wp\/v2\/posts\/77460","targetHints":{"allow":["GET"]}}],"collection":[{"href":"https:\/\/migracao.redenoticia.com.br\/noticia\/wp-json\/wp\/v2\/posts"}],"about":[{"href":"https:\/\/migracao.redenoticia.com.br\/noticia\/wp-json\/wp\/v2\/types\/post"}],"author":[{"embeddable":true,"href":"https:\/\/migracao.redenoticia.com.br\/noticia\/wp-json\/wp\/v2\/users\/2"}],"replies":[{"embeddable":true,"href":"https:\/\/migracao.redenoticia.com.br\/noticia\/wp-json\/wp\/v2\/comments?post=77460"}],"version-history":[{"count":0,"href":"https:\/\/migracao.redenoticia.com.br\/noticia\/wp-json\/wp\/v2\/posts\/77460\/revisions"}],"wp:featuredmedia":[{"embeddable":true,"href":"https:\/\/migracao.redenoticia.com.br\/noticia\/wp-json\/wp\/v2\/media\/35203"}],"wp:attachment":[{"href":"https:\/\/migracao.redenoticia.com.br\/noticia\/wp-json\/wp\/v2\/media?parent=77460"}],"wp:term":[{"taxonomy":"category","embeddable":true,"href":"https:\/\/migracao.redenoticia.com.br\/noticia\/wp-json\/wp\/v2\/categories?post=77460"},{"taxonomy":"post_tag","embeddable":true,"href":"https:\/\/migracao.redenoticia.com.br\/noticia\/wp-json\/wp\/v2\/tags?post=77460"}],"curies":[{"name":"wp","href":"https:\/\/api.w.org\/{rel}","templated":true}]}}