{"id":77526,"date":"2015-11-13T18:36:52","date_gmt":"2015-11-13T20:36:52","guid":{"rendered":"http:\/\/www.redenoticia.com.br\/noticia\/?p=77526"},"modified":"2015-11-13T18:36:52","modified_gmt":"2015-11-13T20:36:52","slug":"numero-de-brasileiros-conectados-com-10-anos-ou-mais-aumentou-98-milhoes","status":"publish","type":"post","link":"https:\/\/migracao.redenoticia.com.br\/noticia\/2015\/numero-de-brasileiros-conectados-com-10-anos-ou-mais-aumentou-98-milhoes\/77526","title":{"rendered":"N\u00famero de brasileiros conectados com 10 anos ou mais aumentou 9,8 milh\u00f5es"},"content":{"rendered":"<p>A Pesquisa Nacional por Amostra de Domic\u00edlio 2014 (Pnad) mostra que a quest\u00e3o geracional \u00e9 preponderante no meio tecnol\u00f3gico. No ano passado, cerca de 95,4 milh\u00f5es de pessoas de 10 anos de idade ou mais acessaram a internet, o que significa um crescimento de 11,4% no n\u00famero de usu\u00e1rios, na compara\u00e7\u00e3o com 2013. Foram 9,8 milh\u00f5es a mais de <strong><em>brasileiros conectados<\/em><\/strong>.<\/p>\n<p>A pesquisa do Instituto Brasileiro de Geografia e Estat\u00edstica (IBGE) revela, ainda, que 136,6 milh\u00f5es de pessoas acima de 10 anos tinham celular para uso pessoal em 2014, um aumento de 4,9% em rela\u00e7\u00e3o ao ano anterior. A propor\u00e7\u00e3o desse grupo entre a popula\u00e7\u00e3o ficou em 75,2%, em 2013, passando para 77,9% do total, no ano seguinte.<\/p>\n<p>A propor\u00e7\u00e3o de internautas subiu de 49,4% para 54,4% do total da popula\u00e7\u00e3o residente no pa\u00eds. Segundo a Pnad, a popula\u00e7\u00e3o residente no pa\u00eds em 2014 correspondia a 203,2 milh\u00f5es de pessoas, o que indica crescimento de 0,9% em rela\u00e7\u00e3o a 2013. Enquanto a participa\u00e7\u00e3o de pessoas maiores de 60 anos (13,7% do total) cresceu 0,7 ponto percentual no per\u00edodo pesquisado, o grupo et\u00e1rio at\u00e9 24 anos teve sua participa\u00e7\u00e3o (38%) reduzida em 0,8 ponto percentual na compara\u00e7\u00e3o com o ano anterior.<\/p>\n<p>Analfabetismo<\/p>\n<p>A Pnad 2014 revelou tamb\u00e9m que, entre as pessoas acima de 15 anos de idade, a taxa de analfabetismo diminuiu de 8,5% para 8,3%. O Brasil tinha 13,3 milh\u00f5es de pessoas analfabetas em 2013. No ano passado, esse contingente era de 13,2 milh\u00f5es.<\/p>\n<p>O Nordeste continua detendo a taxa mais elevada de analfabetismo, da ordem de 16,6%. J\u00e1 as menores taxas foram apresentadas pelas regi\u00f5es Sul (4,4%) e Sudeste (4,6%). A pesquisa mostra que, entre os analfabetos, 8,6% eram homens e 7,9%, mulheres.<\/p>\n<p>Houve um aumento da escolariza\u00e7\u00e3o no pa\u00eds, no ano passado. O maior crescimento foi identificado entre crian\u00e7as de 4 e 5 anos de idade, cuja taxa subiu de 81,4%, em 2013, para 82,7%, em 2014.<\/p>\n<p> Alana Gandra &#8211; Rep\u00f3rter da Ag\u00eancia Brasil<br \/>\nEdi\u00e7\u00e3o: Lana Cristina<br \/>\n13\/11\/2015<\/p>\n","protected":false},"excerpt":{"rendered":"<p>A Pesquisa Nacional por Amostra de Domic\u00edlio 2014 (Pnad) mostra que a quest\u00e3o geracional \u00e9 preponderante no meio tecnol\u00f3gico. No ano passado, cerca de 95,4 milh\u00f5es de pessoas de 10 anos de idade ou mais acessaram a internet, o que significa um crescimento de 11,4% no n\u00famero de usu\u00e1rios, na compara\u00e7\u00e3o com 2013. Foram 9,8 [&hellip;]<\/p>\n","protected":false},"author":2,"featured_media":57577,"comment_status":"open","ping_status":"closed","sticky":false,"template":"","format":"standard","meta":{"tdm_status":"","tdm_grid_status":"","footnotes":""},"categories":[22],"tags":[],"class_list":{"0":"post-77526","1":"post","2":"type-post","3":"status-publish","4":"format-standard","5":"has-post-thumbnail","7":"category-brasil"},"_links":{"self":[{"href":"https:\/\/migracao.redenoticia.com.br\/noticia\/wp-json\/wp\/v2\/posts\/77526","targetHints":{"allow":["GET"]}}],"collection":[{"href":"https:\/\/migracao.redenoticia.com.br\/noticia\/wp-json\/wp\/v2\/posts"}],"about":[{"href":"https:\/\/migracao.redenoticia.com.br\/noticia\/wp-json\/wp\/v2\/types\/post"}],"author":[{"embeddable":true,"href":"https:\/\/migracao.redenoticia.com.br\/noticia\/wp-json\/wp\/v2\/users\/2"}],"replies":[{"embeddable":true,"href":"https:\/\/migracao.redenoticia.com.br\/noticia\/wp-json\/wp\/v2\/comments?post=77526"}],"version-history":[{"count":0,"href":"https:\/\/migracao.redenoticia.com.br\/noticia\/wp-json\/wp\/v2\/posts\/77526\/revisions"}],"wp:featuredmedia":[{"embeddable":true,"href":"https:\/\/migracao.redenoticia.com.br\/noticia\/wp-json\/wp\/v2\/media\/57577"}],"wp:attachment":[{"href":"https:\/\/migracao.redenoticia.com.br\/noticia\/wp-json\/wp\/v2\/media?parent=77526"}],"wp:term":[{"taxonomy":"category","embeddable":true,"href":"https:\/\/migracao.redenoticia.com.br\/noticia\/wp-json\/wp\/v2\/categories?post=77526"},{"taxonomy":"post_tag","embeddable":true,"href":"https:\/\/migracao.redenoticia.com.br\/noticia\/wp-json\/wp\/v2\/tags?post=77526"}],"curies":[{"name":"wp","href":"https:\/\/api.w.org\/{rel}","templated":true}]}}