{"id":77528,"date":"2015-11-13T18:41:11","date_gmt":"2015-11-13T20:41:11","guid":{"rendered":"http:\/\/www.redenoticia.com.br\/noticia\/?p=77528"},"modified":"2015-11-13T18:41:11","modified_gmt":"2015-11-13T20:41:11","slug":"pnad-2014-mulheres-recebem-745-do-rendimento-dos-homens","status":"publish","type":"post","link":"https:\/\/migracao.redenoticia.com.br\/noticia\/2015\/pnad-2014-mulheres-recebem-745-do-rendimento-dos-homens\/77528","title":{"rendered":"Pnad 2014: mulheres recebem 74,5% do rendimento dos homens"},"content":{"rendered":"<p>As mulheres recebem, em m\u00e9dia, 74,5% do <strong><em>rendimento<\/em><\/strong> dos homens. A constata\u00e7\u00e3o \u00e9 da Pesquisa Nacional por Amostra de Domic\u00edlios (Pnad) 2014, divulgada pelo Instituto Brasileiro de Geografia e Estat\u00edstica (IBGE). No ano anterior, a propor\u00e7\u00e3o atingia 73,5%.<\/p>\n<p>O rendimento m\u00e9dio mensal real, ou seja, descontada a infla\u00e7\u00e3o, alcan\u00e7ou R$ 1.987 entre os homens no ano passado, enquanto o das mulheres foi R$ 1.480. Na faixa de 15 anos ou mais de idade, entre a popula\u00e7\u00e3o em geral, o rendimento m\u00e9dio mensal ficou em torno de R$ 1.774, superando em 0,8% a m\u00e9dia do rendimento apurado em 2013, que foi R$ 1.760. J\u00e1 o rendimento m\u00e9dio mensal real domiciliar per capita cresceu 2,4%, subindo de R$ 1.217 para R$ 1.246.<\/p>\n<p>Em 2014, o Brasil tinha 98,6 milh\u00f5es de pessoas ocupadas, um aumento de 2,9% em compara\u00e7\u00e3o com 2013, enquanto a popula\u00e7\u00e3o em idade ativa evoluiu 1,7% no per\u00edodo. A propor\u00e7\u00e3o de pessoas ocupadas entre a popula\u00e7\u00e3o em idade ativa foi de 61,9% no ano passado, mostrando aumento de 61,2% em rela\u00e7\u00e3o a 2013. Entre as mulheres, o aumento ficou em 51,2% e, entre os homens, 73,7%.<\/p>\n<p>Sobre a forma de inser\u00e7\u00e3o no mercado de trabalho, a pesquisa revela que a participa\u00e7\u00e3o dos empregados com carteira de trabalho assinada, 60,5 milh\u00f5es de pessoas, diminuiu um ponto percentual, tendo alcan\u00e7ado 61,3% em 2014. J\u00e1 os trabalhadores por conta pr\u00f3pria evolu\u00edram de uma fatia de 20,7% do pessoal ocupado para 21,4%, totalizando 21,1 milh\u00f5es de pessoas.<\/p>\n<p>O contingente de empregados com carteira de trabalho assinada no setor privado em atividade n\u00e3o agr\u00edcola, que somou 35,1 milh\u00f5es de pessoas em 2014, aumentou 1% (mais 345 mil trabalhadores). Essa expans\u00e3o s\u00f3 n\u00e3o ocorreu no Sudeste, que apresentou queda de 1,2%.<\/p>\n<p>Desocupados<\/p>\n<p>O contingente de pessoas desocupadas tamb\u00e9m aumentou em 2014. Eram 7,3 milh\u00f5es de pessoas desocupadas no ano passado, 9,3% a mais que em 2013. A taxa de desocupa\u00e7\u00e3o ficou em 6,9% no ano pesquisado, contra 6,5% em 2013.<\/p>\n<p>O maior aumento do desemprego foi verificado na Regi\u00e3o Sudeste, com um crescimento de 15,8% no n\u00famero de pessoas desocupadas. Mais da metade, ou o correspondente a 56,7% dos desocupados, eram mulheres, e 28,3% do total de desocupados nunca tinham trabalhado.<\/p>\n<p>Alana Gandra &#8211; Rep\u00f3rter da Ag\u00eancia Brasil<br \/>\nEdi\u00e7\u00e3o: Lana Cristina<br \/>\n13\/11\/2015<\/p>\n","protected":false},"excerpt":{"rendered":"<p>As mulheres recebem, em m\u00e9dia, 74,5% do rendimento dos homens. A constata\u00e7\u00e3o \u00e9 da Pesquisa Nacional por Amostra de Domic\u00edlios (Pnad) 2014, divulgada pelo Instituto Brasileiro de Geografia e Estat\u00edstica (IBGE). No ano anterior, a propor\u00e7\u00e3o atingia 73,5%. O rendimento m\u00e9dio mensal real, ou seja, descontada a infla\u00e7\u00e3o, alcan\u00e7ou R$ 1.987 entre os homens no [&hellip;]<\/p>\n","protected":false},"author":2,"featured_media":57583,"comment_status":"open","ping_status":"closed","sticky":false,"template":"","format":"standard","meta":{"tdm_status":"","tdm_grid_status":"","footnotes":""},"categories":[22,7],"tags":[],"class_list":{"0":"post-77528","1":"post","2":"type-post","3":"status-publish","4":"format-standard","5":"has-post-thumbnail","7":"category-brasil","8":"category-economia"},"_links":{"self":[{"href":"https:\/\/migracao.redenoticia.com.br\/noticia\/wp-json\/wp\/v2\/posts\/77528","targetHints":{"allow":["GET"]}}],"collection":[{"href":"https:\/\/migracao.redenoticia.com.br\/noticia\/wp-json\/wp\/v2\/posts"}],"about":[{"href":"https:\/\/migracao.redenoticia.com.br\/noticia\/wp-json\/wp\/v2\/types\/post"}],"author":[{"embeddable":true,"href":"https:\/\/migracao.redenoticia.com.br\/noticia\/wp-json\/wp\/v2\/users\/2"}],"replies":[{"embeddable":true,"href":"https:\/\/migracao.redenoticia.com.br\/noticia\/wp-json\/wp\/v2\/comments?post=77528"}],"version-history":[{"count":0,"href":"https:\/\/migracao.redenoticia.com.br\/noticia\/wp-json\/wp\/v2\/posts\/77528\/revisions"}],"wp:featuredmedia":[{"embeddable":true,"href":"https:\/\/migracao.redenoticia.com.br\/noticia\/wp-json\/wp\/v2\/media\/57583"}],"wp:attachment":[{"href":"https:\/\/migracao.redenoticia.com.br\/noticia\/wp-json\/wp\/v2\/media?parent=77528"}],"wp:term":[{"taxonomy":"category","embeddable":true,"href":"https:\/\/migracao.redenoticia.com.br\/noticia\/wp-json\/wp\/v2\/categories?post=77528"},{"taxonomy":"post_tag","embeddable":true,"href":"https:\/\/migracao.redenoticia.com.br\/noticia\/wp-json\/wp\/v2\/tags?post=77528"}],"curies":[{"name":"wp","href":"https:\/\/api.w.org\/{rel}","templated":true}]}}