{"id":77530,"date":"2015-11-13T18:48:32","date_gmt":"2015-11-13T20:48:32","guid":{"rendered":"http:\/\/www.redenoticia.com.br\/noticia\/?p=77530"},"modified":"2015-11-13T18:48:32","modified_gmt":"2015-11-13T20:48:32","slug":"lucro-liquido-da-petrobras-cai-58-entre-janeiro-e-setembro-de-2015","status":"publish","type":"post","link":"https:\/\/migracao.redenoticia.com.br\/noticia\/2015\/lucro-liquido-da-petrobras-cai-58-entre-janeiro-e-setembro-de-2015\/77530","title":{"rendered":"Lucro l\u00edquido da Petrobras cai 58% entre janeiro e setembro de 2015"},"content":{"rendered":"<p> O <strong><em>lucro l\u00edquido da Petrobras<\/em><\/strong>, entre janeiro e setembro deste ano, ficou em R$2,102 bilh\u00f5es. O resultado \u00e9 58% inferior ao mesmo per\u00edodo de 2014. De acordo com a empresa, o aumento das despesas financeiras l\u00edquidas foram causadas pela desvaloriza\u00e7\u00e3o cambial e o acr\u00e9scimo nas despesas com juros impactaram o desempenho.<\/p>\n<p>O lucro operacional da companhia, tamb\u00e9m nos nove meses de 2015, atingiu R$ 28,6 bilh\u00f5es, o que significou aumento de 149% em rela\u00e7\u00e3o a igual per\u00edodo do ano anterior. J\u00e1 no fluxo de caixa livre, enquanto em 2014 ficou negativo em R$ 12,3 bilh\u00f5es, de janeiro a setembro de 2015 foi positivo em R$ 8,3 bilh\u00f5es.<\/p>\n<p> \u201cFecha esse ano no positivo. \u00c9 preciso lembrar que este ano fizemos um aumento de gasolina e diesel em 30 de setembro. Este impacto vai ser capturado no quarto trimestre. Ent\u00e3o, a expectativa \u00e9 que, na medida em que avan\u00e7a o pr\u00e9-sal e as decis\u00f5es de redu\u00e7\u00e3o de custos, tudo vai ser capturado no resultado. Isso vai gerando um benef\u00edcio que vai sendo capturado m\u00eas a m\u00eas no resultado da companhia\u201d, analisou o diretor Financeiro e de Rela\u00e7\u00f5es com Investidores da companhia, Ivan de Souza Monteiro.<\/p>\n<p>O diretor n\u00e3o revelou se ainda este ano haver\u00e1 novo aumento de combust\u00edveis. \u201cEssa \u00e9 uma an\u00e1lise que a gente faz permanentemente e quando a gente chega \u00e0 conclus\u00e3o, como foi no dia 30 de setembro, quando o c\u00e2mbio chegou a US$ 4,20. Naquele dia foi tomada a decis\u00e3o da diretoria de que dever\u00edamos realizar um aumento\u201d, disse.<\/p>\n<p>Os investimentos no per\u00edodo ca\u00edram 11% na compara\u00e7\u00e3o com 2014 e somaram R$ 55,5 bilh\u00f5es, sendo que o segmento de Explora\u00e7\u00e3o e Produ\u00e7\u00e3o no Brasil ficou com 78% dos recursos. \u201cEm d\u00f3lares, os investimentos atingiram US$ 17,5 bilh\u00f5es, 36% abaixo do mesmo per\u00edodo do ano passado [US$ 27,3 bilh\u00f5es]\u201d, informou a Petrobras.<\/p>\n<p>Na produ\u00e7\u00e3o de petr\u00f3leo e g\u00e1s natural no Brasil e no exterior houve eleva\u00e7\u00e3o de 6%, o que significou a m\u00e9dia de 2 milh\u00f5es e 790 mil barris de \u00f3leo equivalente por dia (boed). Nas exporta\u00e7\u00f5es de petr\u00f3leo, o aumento ficou em 60%, passando de 219 mil barris\/dia em 2014 para 351 mil barris\/dia em 2015 entre os meses de janeiro e setembro.<\/p>\n<p> Cristina Indio do Brasil &#8211; Rep\u00f3rter Ag\u00eancia Brasil<br \/>\nEdi\u00e7\u00e3o: F\u00e1bio Massalli<br \/>\n12\/11\/2015<\/p>\n","protected":false},"excerpt":{"rendered":"<p>O lucro l\u00edquido da Petrobras, entre janeiro e setembro deste ano, ficou em R$2,102 bilh\u00f5es. O resultado \u00e9 58% inferior ao mesmo per\u00edodo de 2014. De acordo com a empresa, o aumento das despesas financeiras l\u00edquidas foram causadas pela desvaloriza\u00e7\u00e3o cambial e o acr\u00e9scimo nas despesas com juros impactaram o desempenho. O lucro operacional da [&hellip;]<\/p>\n","protected":false},"author":2,"featured_media":38938,"comment_status":"open","ping_status":"closed","sticky":false,"template":"","format":"standard","meta":{"tdm_status":"","tdm_grid_status":"","footnotes":""},"categories":[22,7],"tags":[],"class_list":{"0":"post-77530","1":"post","2":"type-post","3":"status-publish","4":"format-standard","5":"has-post-thumbnail","7":"category-brasil","8":"category-economia"},"_links":{"self":[{"href":"https:\/\/migracao.redenoticia.com.br\/noticia\/wp-json\/wp\/v2\/posts\/77530","targetHints":{"allow":["GET"]}}],"collection":[{"href":"https:\/\/migracao.redenoticia.com.br\/noticia\/wp-json\/wp\/v2\/posts"}],"about":[{"href":"https:\/\/migracao.redenoticia.com.br\/noticia\/wp-json\/wp\/v2\/types\/post"}],"author":[{"embeddable":true,"href":"https:\/\/migracao.redenoticia.com.br\/noticia\/wp-json\/wp\/v2\/users\/2"}],"replies":[{"embeddable":true,"href":"https:\/\/migracao.redenoticia.com.br\/noticia\/wp-json\/wp\/v2\/comments?post=77530"}],"version-history":[{"count":0,"href":"https:\/\/migracao.redenoticia.com.br\/noticia\/wp-json\/wp\/v2\/posts\/77530\/revisions"}],"wp:featuredmedia":[{"embeddable":true,"href":"https:\/\/migracao.redenoticia.com.br\/noticia\/wp-json\/wp\/v2\/media\/38938"}],"wp:attachment":[{"href":"https:\/\/migracao.redenoticia.com.br\/noticia\/wp-json\/wp\/v2\/media?parent=77530"}],"wp:term":[{"taxonomy":"category","embeddable":true,"href":"https:\/\/migracao.redenoticia.com.br\/noticia\/wp-json\/wp\/v2\/categories?post=77530"},{"taxonomy":"post_tag","embeddable":true,"href":"https:\/\/migracao.redenoticia.com.br\/noticia\/wp-json\/wp\/v2\/tags?post=77530"}],"curies":[{"name":"wp","href":"https:\/\/api.w.org\/{rel}","templated":true}]}}