{"id":77532,"date":"2015-11-13T18:52:28","date_gmt":"2015-11-13T20:52:28","guid":{"rendered":"http:\/\/www.redenoticia.com.br\/noticia\/?p=77532"},"modified":"2015-11-13T18:52:28","modified_gmt":"2015-11-13T20:52:28","slug":"indicador-economico-da-america-latina-recua-5-no-trimestre-ate-outubro","status":"publish","type":"post","link":"https:\/\/migracao.redenoticia.com.br\/noticia\/2015\/indicador-economico-da-america-latina-recua-5-no-trimestre-ate-outubro\/77532","title":{"rendered":"Indicador econ\u00f4mico da Am\u00e9rica Latina recua 5% no trimestre at\u00e9 outubro"},"content":{"rendered":"<p> O <strong><em>Indicador de Clima Econ\u00f4mico<\/em><\/strong> (ICE) da Am\u00e9rica Latina, elaborado em parceria pelo instituto alem\u00e3o Ifo e a Funda\u00e7\u00e3o Getulio Vargas, foi divulgado no Rio de Janeiro. O \u00edndice mostrou um recuo de 5% no trimestre encerrado em outubro, em rela\u00e7\u00e3o ao trimestre anterior. O ICE\/AL caiu de 74 pontos para 70 pontos. No mundo, o indicador tamb\u00e9m apresentou redu\u00e7\u00e3o no trimestre de 7%, ficando abaixo da m\u00e9dia pela primeira vez, desde outubro de 2012.<\/p>\n<p>A pesquisadora da \u00c1rea de Economia Aplicada do Instituto Brasileiro de Economia (Ibre) da FGV, Lia Valls, afirmou que, apesar de ter recuado menos, o ICE\/AL est\u00e1 pior do que o indicador mundial, que ficou em 99 pontos, pr\u00f3ximo do limite de 100 pontos, considerado favor\u00e1vel. \u201cO mundo recuou mais,mas na compara\u00e7\u00e3o entre os dois indicadores, o do mundo \u00e9 melhor do que o da Am\u00e9rica Latina\u201d.<\/p>\n<p>A piora \u00e9 puxada pelo \u00edndice de expectativas (IEX), que caiu de 90 para 82 pontos, \u201co que n\u00e3o \u00e9 um bom sinal\u201d, disse. \u201cN\u00e3o \u00e9 um cen\u00e1rio bom em rela\u00e7\u00e3o \u00e0 situa\u00e7\u00e3o de hoje\u201d.<\/p>\n<p>Em todo o mundo, bem como na Am\u00e9rica Latina, aparece um problema relevante, que \u00e9 a falta de confian\u00e7a na pol\u00edtica do governo. \u201cTamb\u00e9m n\u00e3o \u00e9 um resultado bom, porque evidencia que as pessoas t\u00eam expectativas n\u00e3o positivas, quer dizer, n\u00e3o esperam que o cen\u00e1rio melhore nos pr\u00f3ximos meses\u201d. Na maioria dos pa\u00edses mais avan\u00e7ados, a sondagem detectou problemas de falta de demanda, que indicam que o crescimento deve ser lento&#8221;, acrescentou.<\/p>\n<p>No caso do Brasil, al\u00e9m da falta de confian\u00e7a na pol\u00edtica do governo, aumentaram os problemas considerados restritivos e relevantes para o crescimento do pa\u00eds, entre os quais infla\u00e7\u00e3o, desemprego, d\u00e9ficit p\u00fablico. O ICE Brasil atingiu o menor n\u00edvel da s\u00e9rie iniciada em janeiro de 1989, passando de 48 pontos, em julho deste ano, para 44 pontos em outubro. A pesquisadora chamou a aten\u00e7\u00e3o para o \u00edndice da situa\u00e7\u00e3o atual do Brasil (ISA), que \u201cj\u00e1 est\u00e1 o pior poss\u00edvel\u201d, mantendo-se em 20 pontos, que \u00e9 o limite, n\u00famero tamb\u00e9m registrado pela Venezuela. \u201cMais baixo n\u00e3o pode ser\u201d. J\u00e1 o \u00edndice de expectativas (IEX Brasil) caiu de 76 para 68 pontos no trimestre findo em outubro.<\/p>\n<p>Esse resultado sinaliza que o cen\u00e1rio pode piorar ainda mais, destacou a economista do Ibre. Em rela\u00e7\u00e3o ao grupo de pa\u00edses denominado Brics, composto por Brasil, R\u00fassia, \u00cdndia, China e \u00c1frica do Sul), Lia disse que, com exce\u00e7\u00e3o da \u00cdndia, todos os demais est\u00e3o na zona desfavor\u00e1vel. Entre os Brics, o Brasil apresenta o pior ICE, superando, inclusive, a \u00c1frica do Sul (56 pontos). O Brasil ocupa, ainda, a pen\u00faltima posi\u00e7\u00e3o no &#8216;ranking&#8217; de 11 pa\u00edses da Am\u00e9rica Latina nos \u00faltimos quatro trimestres.<\/p>\n<p>Na Sondagem Econ\u00f4mica da Am\u00e9rica Latina Ifo\/FGV, Lia destacou a deteriora\u00e7\u00e3o cada vez maior das perspectivas, no caso brasileiro. Segundo ela, isso refor\u00e7a a percep\u00e7\u00e3o atual de piora generalizada no clima econ\u00f4mico na Am\u00e9rica Latina. \u201cN\u00e3o tem nenhum pa\u00eds que esteja na zona favor\u00e1vel\u201d. Alguns est\u00e3o em melhor situa\u00e7\u00e3o, como Paraguai, Bol\u00edvia, Chile e Col\u00f4mbia, que t\u00eam \u00edndices mais altos. \u201cMas em todo mundo, piorou o \u00edndice. &#8220;S\u00f3 n\u00e3o piorou na Argentina, que mesmo assim, continua na zona desfavor\u00e1vel, e no Chile, \u201cque deu uma melhorada\u201d.<\/p>\n<p>Olhando a sondagem para tr\u00e1s, a economista afirmou que h\u00e1 muito tempo n\u00e3o se tem um quadro t\u00e3o desfavor\u00e1vel, de forma generalizada, para os pa\u00edses da regi\u00e3o.<\/p>\n<p>De acordo com informa\u00e7\u00e3o da assessoria de imprensa do Ibre-FGV, a Sondagem Econ\u00f4mica da Am\u00e9rica Latina serve ao monitoramento e antecipa\u00e7\u00e3o de tend\u00eancias econ\u00f4micas, com base em informa\u00e7\u00f5es prestadas trimestralmente por especialistas nas economias de seus respectivos pa\u00edses. Para o ICE de outubro de 2015, foram consultados 1.040 especialistas econ\u00f4micos em 113 pa\u00edses, dos quais 129 da Am\u00e9rica Latina.<\/p>\n<p> Alana Gandra &#8211; Rep\u00f3rter da Ag\u00eancia Brasil<br \/>\nEdi\u00e7\u00e3o: Maria Claudia<br \/>\n12\/11\/2015<\/p>\n","protected":false},"excerpt":{"rendered":"<p>O Indicador de Clima Econ\u00f4mico (ICE) da Am\u00e9rica Latina, elaborado em parceria pelo instituto alem\u00e3o Ifo e a Funda\u00e7\u00e3o Getulio Vargas, foi divulgado no Rio de Janeiro. O \u00edndice mostrou um recuo de 5% no trimestre encerrado em outubro, em rela\u00e7\u00e3o ao trimestre anterior. O ICE\/AL caiu de 74 pontos para 70 pontos. No mundo, [&hellip;]<\/p>\n","protected":false},"author":2,"featured_media":57585,"comment_status":"open","ping_status":"closed","sticky":false,"template":"","format":"standard","meta":{"tdm_status":"","tdm_grid_status":"","footnotes":""},"categories":[22,7],"tags":[],"class_list":{"0":"post-77532","1":"post","2":"type-post","3":"status-publish","4":"format-standard","5":"has-post-thumbnail","7":"category-brasil","8":"category-economia"},"_links":{"self":[{"href":"https:\/\/migracao.redenoticia.com.br\/noticia\/wp-json\/wp\/v2\/posts\/77532","targetHints":{"allow":["GET"]}}],"collection":[{"href":"https:\/\/migracao.redenoticia.com.br\/noticia\/wp-json\/wp\/v2\/posts"}],"about":[{"href":"https:\/\/migracao.redenoticia.com.br\/noticia\/wp-json\/wp\/v2\/types\/post"}],"author":[{"embeddable":true,"href":"https:\/\/migracao.redenoticia.com.br\/noticia\/wp-json\/wp\/v2\/users\/2"}],"replies":[{"embeddable":true,"href":"https:\/\/migracao.redenoticia.com.br\/noticia\/wp-json\/wp\/v2\/comments?post=77532"}],"version-history":[{"count":0,"href":"https:\/\/migracao.redenoticia.com.br\/noticia\/wp-json\/wp\/v2\/posts\/77532\/revisions"}],"wp:featuredmedia":[{"embeddable":true,"href":"https:\/\/migracao.redenoticia.com.br\/noticia\/wp-json\/wp\/v2\/media\/57585"}],"wp:attachment":[{"href":"https:\/\/migracao.redenoticia.com.br\/noticia\/wp-json\/wp\/v2\/media?parent=77532"}],"wp:term":[{"taxonomy":"category","embeddable":true,"href":"https:\/\/migracao.redenoticia.com.br\/noticia\/wp-json\/wp\/v2\/categories?post=77532"},{"taxonomy":"post_tag","embeddable":true,"href":"https:\/\/migracao.redenoticia.com.br\/noticia\/wp-json\/wp\/v2\/tags?post=77532"}],"curies":[{"name":"wp","href":"https:\/\/api.w.org\/{rel}","templated":true}]}}