{"id":77579,"date":"2015-11-16T16:40:39","date_gmt":"2015-11-16T18:40:39","guid":{"rendered":"http:\/\/www.redenoticia.com.br\/noticia\/?p=77579"},"modified":"2015-11-16T16:40:39","modified_gmt":"2015-11-16T18:40:39","slug":"memorial-da-america-latina-realiza-encontro-de-hip-hop","status":"publish","type":"post","link":"https:\/\/migracao.redenoticia.com.br\/noticia\/2015\/memorial-da-america-latina-realiza-encontro-de-hip-hop\/77579","title":{"rendered":"Memorial da Am\u00e9rica Latina realiza encontro de Hip Hop"},"content":{"rendered":"<p>S\u00e3o Paulo recebe no dia 28 de novembro (s\u00e1bado) o 9\u00ba <em><strong>Encontro Paulista de Hip Hop<\/strong><\/em>, no Memorial da Am\u00e9rica Latina. O evento vai reunir MC&#8217;s, grafiteiros, breaking dancers, DJs, e pensadores em 10 horas continuas de atividades. Desta vez, com a participa\u00e7\u00e3o especial do rapper Emicida, considerado uma das maiores revela\u00e7\u00f5es do Hip Hop do Brasil nos \u00faltimos anos.<\/p>\n<p>Esta edi\u00e7\u00e3o tem como tema &#8220;As Ruas em Rede&#8221;, colocando em evid\u00eancia as transforma\u00e7\u00f5es ocorridas no cen\u00e1rio do Hip Hop em fun\u00e7\u00e3o da populariza\u00e7\u00e3o da internet. A cultura eternamente jovem adapta-se com facilidade \u00e0 tecnologia, conectando as ruas em rede. &#8220;As &#8216;quebradas&#8217; est\u00e3o conectadas, interligadas e ganhando velocidade na chegada da informa\u00e7\u00e3o e da divulga\u00e7\u00e3o&#8221;, conta M\u00e1rcio Santos, assessor especial de Projetos para Hip Hop, da Secretaria da Cultura.<\/p>\n<p>A programa\u00e7\u00e3o traz mesas de debates, atra\u00e7\u00f5es de m\u00fasica, dan\u00e7a grafite, workshops, exposi\u00e7\u00f5es e bate-papos, tudo gratuito e aberto ao p\u00fablico. Na \u00e1rea externa do Memorial, grupos de grafite demonstram diferentes trabalhos e ainda discutem a ocupa\u00e7\u00e3o da cidade.<\/p>\n<p>Novidade &#8211; Festival de Clipes e Bandas<br \/>\nEsse ano, o Encontro Paulista de Hip Hop traz uma novidade para incentivar novos talentos no cen\u00e1rio dessa cultura: o Festival de Clipes e Bandas. Os interessados poder\u00e3o escolher entre ser a banda de abertura para a s\u00e9rie de shows programados pelo evento ou fazer um videoclipe para a m\u00fasica Bem Vindo \u00e0 Madrugada, de Dexter.<\/p>\n<p>Para participar, \u00e9 s\u00f3 realizar a inscri\u00e7\u00e3o no site  at\u00e9 o dia 23 de novembro. A escolha da banda e do clipe vencedores ser\u00e1 anunciada no dia do evento.<\/p>\n<p>Encontro Paulista de Hip-Hop<br \/>\nCriado em 2007, o Encontro Paulista de Hip Hop \u00e9 um evento anual realizado pela Secretaria da Cultura, por meio da Assessoria de Cultura para G\u00eaneros e Etnias, e tem como principal objetivo ampliar as quest\u00f5es acerca das pol\u00edticas p\u00fablicas para os jovens, sobretudo no que diz respeito \u00e0 cultura.<\/p>\n<p>SERVI\u00c7O<br \/>\n9\u00ba Encontro Paulista de Hip Hop<br \/>\nMemorial da Am\u00e9rica Latina &#8211; Pra\u00e7a C\u00edvica<br \/>\n28 de novembro (s\u00e1bado) das 12h \u00e0s 22h<br \/>\nAv. Auro Soares de Moura Andrade, 664 &#8211; ao lado da esta\u00e7\u00e3o de Metr\u00f4 Barra Funda<br \/>\nEntrada Gratuita<\/p>\n<p>Do Portal do Governo do Estado SP<\/p>\n","protected":false},"excerpt":{"rendered":"<p>S\u00e3o Paulo recebe no dia 28 de novembro (s\u00e1bado) o 9\u00ba Encontro Paulista de Hip Hop, no Memorial da Am\u00e9rica Latina. O evento vai reunir MC&#8217;s, grafiteiros, breaking dancers, DJs, e pensadores em 10 horas continuas de atividades. Desta vez, com a participa\u00e7\u00e3o especial do rapper Emicida, considerado uma das maiores revela\u00e7\u00f5es do Hip Hop [&hellip;]<\/p>\n","protected":false},"author":2,"featured_media":28951,"comment_status":"open","ping_status":"closed","sticky":false,"template":"","format":"standard","meta":{"tdm_status":"","tdm_grid_status":"","footnotes":""},"categories":[22],"tags":[],"class_list":{"0":"post-77579","1":"post","2":"type-post","3":"status-publish","4":"format-standard","5":"has-post-thumbnail","7":"category-brasil"},"_links":{"self":[{"href":"https:\/\/migracao.redenoticia.com.br\/noticia\/wp-json\/wp\/v2\/posts\/77579","targetHints":{"allow":["GET"]}}],"collection":[{"href":"https:\/\/migracao.redenoticia.com.br\/noticia\/wp-json\/wp\/v2\/posts"}],"about":[{"href":"https:\/\/migracao.redenoticia.com.br\/noticia\/wp-json\/wp\/v2\/types\/post"}],"author":[{"embeddable":true,"href":"https:\/\/migracao.redenoticia.com.br\/noticia\/wp-json\/wp\/v2\/users\/2"}],"replies":[{"embeddable":true,"href":"https:\/\/migracao.redenoticia.com.br\/noticia\/wp-json\/wp\/v2\/comments?post=77579"}],"version-history":[{"count":0,"href":"https:\/\/migracao.redenoticia.com.br\/noticia\/wp-json\/wp\/v2\/posts\/77579\/revisions"}],"wp:featuredmedia":[{"embeddable":true,"href":"https:\/\/migracao.redenoticia.com.br\/noticia\/wp-json\/wp\/v2\/media\/28951"}],"wp:attachment":[{"href":"https:\/\/migracao.redenoticia.com.br\/noticia\/wp-json\/wp\/v2\/media?parent=77579"}],"wp:term":[{"taxonomy":"category","embeddable":true,"href":"https:\/\/migracao.redenoticia.com.br\/noticia\/wp-json\/wp\/v2\/categories?post=77579"},{"taxonomy":"post_tag","embeddable":true,"href":"https:\/\/migracao.redenoticia.com.br\/noticia\/wp-json\/wp\/v2\/tags?post=77579"}],"curies":[{"name":"wp","href":"https:\/\/api.w.org\/{rel}","templated":true}]}}