{"id":77583,"date":"2015-11-16T16:44:41","date_gmt":"2015-11-16T18:44:41","guid":{"rendered":"http:\/\/www.redenoticia.com.br\/noticia\/?p=77583"},"modified":"2015-11-16T16:44:41","modified_gmt":"2015-11-16T18:44:41","slug":"oms-aumento-da-resistencia-aos-antibioticos-e-perigo-para-a-saude-mundial","status":"publish","type":"post","link":"https:\/\/migracao.redenoticia.com.br\/noticia\/2015\/oms-aumento-da-resistencia-aos-antibioticos-e-perigo-para-a-saude-mundial\/77583","title":{"rendered":"OMS: aumento da resist\u00eancia aos antibi\u00f3ticos \u00e9 perigo para a sa\u00fade mundial"},"content":{"rendered":"<p> O aumento da resist\u00eancia aos <strong><em>antibi\u00f3ticos<\/em><\/strong> representa \u201cum imenso perigo para a sa\u00fade mundial\u201d, disse a diretora-geral da Organiza\u00e7\u00e3o Mundial da Sa\u00fade (OMS), Margaret Chan, na apresenta\u00e7\u00e3o da primeira pesquisa sobre o tema. A OMS inicia a Semana Mundial para o Bom Uso dos Antibi\u00f3ticos.<\/p>\n<p>A resist\u00eancia, acrescentou Margaret Chan, \u201catinge n\u00edveis perigosamente elevados em todas as partes do mundo\u201d.<\/p>\n<p>A pesquisa, publicada hoje em Genebra, revela que todas as pessoas podem um dia ser afetadas por uma infec\u00e7\u00e3o resistente a esses medicamentos. O problema ocorre quando as bact\u00e9rias evoluem e se tornam resistentes aos rem\u00e9dios usados para combater as infec\u00e7\u00f5es. Entre as causas est\u00e3o o consumo excessivo de antibi\u00f3ticos e a sua m\u00e1 utiliza\u00e7\u00e3o.<\/p>\n<p>Perto de metade (44%) das pessoas que participaram do levantamento, realizado pela organiza\u00e7\u00e3o em 12 pa\u00edses, acha que a resist\u00eancia \u00e9 um problema das pessoas que abusam desses rem\u00e9dios.<\/p>\n<p>Dois ter\u00e7os dos entrevistados consideram que n\u00e3o existe qualquer risco de resist\u00eancia aos antibi\u00f3ticos nas pessoas que utilizam corretamente o tratamento prescrito.<\/p>\n<p>\u201cNa verdade, qualquer pessoa pode, a qualquer momento e em qualquer pa\u00eds, sofrer uma infec\u00e7\u00e3o resistente aos antibi\u00f3ticos\u201d, lembrou a organiza\u00e7\u00e3o.<\/p>\n<p>Ag\u00eancia Brasil<br \/>\nDa Ag\u00eancia Lusa<br \/>\nEdi\u00e7\u00e3o: Juliana Andrade<br \/>\n16\/11\/2015<\/p>\n","protected":false},"excerpt":{"rendered":"<p>O aumento da resist\u00eancia aos antibi\u00f3ticos representa \u201cum imenso perigo para a sa\u00fade mundial\u201d, disse a diretora-geral da Organiza\u00e7\u00e3o Mundial da Sa\u00fade (OMS), Margaret Chan, na apresenta\u00e7\u00e3o da primeira pesquisa sobre o tema. A OMS inicia a Semana Mundial para o Bom Uso dos Antibi\u00f3ticos. A resist\u00eancia, acrescentou Margaret Chan, \u201catinge n\u00edveis perigosamente elevados em [&hellip;]<\/p>\n","protected":false},"author":2,"featured_media":37376,"comment_status":"open","ping_status":"closed","sticky":false,"template":"","format":"standard","meta":{"tdm_status":"","tdm_grid_status":"","footnotes":""},"categories":[22,5],"tags":[],"class_list":{"0":"post-77583","1":"post","2":"type-post","3":"status-publish","4":"format-standard","5":"has-post-thumbnail","7":"category-brasil","8":"category-saude-e-vida"},"_links":{"self":[{"href":"https:\/\/migracao.redenoticia.com.br\/noticia\/wp-json\/wp\/v2\/posts\/77583","targetHints":{"allow":["GET"]}}],"collection":[{"href":"https:\/\/migracao.redenoticia.com.br\/noticia\/wp-json\/wp\/v2\/posts"}],"about":[{"href":"https:\/\/migracao.redenoticia.com.br\/noticia\/wp-json\/wp\/v2\/types\/post"}],"author":[{"embeddable":true,"href":"https:\/\/migracao.redenoticia.com.br\/noticia\/wp-json\/wp\/v2\/users\/2"}],"replies":[{"embeddable":true,"href":"https:\/\/migracao.redenoticia.com.br\/noticia\/wp-json\/wp\/v2\/comments?post=77583"}],"version-history":[{"count":0,"href":"https:\/\/migracao.redenoticia.com.br\/noticia\/wp-json\/wp\/v2\/posts\/77583\/revisions"}],"wp:featuredmedia":[{"embeddable":true,"href":"https:\/\/migracao.redenoticia.com.br\/noticia\/wp-json\/wp\/v2\/media\/37376"}],"wp:attachment":[{"href":"https:\/\/migracao.redenoticia.com.br\/noticia\/wp-json\/wp\/v2\/media?parent=77583"}],"wp:term":[{"taxonomy":"category","embeddable":true,"href":"https:\/\/migracao.redenoticia.com.br\/noticia\/wp-json\/wp\/v2\/categories?post=77583"},{"taxonomy":"post_tag","embeddable":true,"href":"https:\/\/migracao.redenoticia.com.br\/noticia\/wp-json\/wp\/v2\/tags?post=77583"}],"curies":[{"name":"wp","href":"https:\/\/api.w.org\/{rel}","templated":true}]}}