{"id":77585,"date":"2015-11-16T16:46:01","date_gmt":"2015-11-16T18:46:01","guid":{"rendered":"http:\/\/www.redenoticia.com.br\/noticia\/?p=77585"},"modified":"2015-11-16T16:46:01","modified_gmt":"2015-11-16T18:46:01","slug":"governo-frances-anula-eventos-paralelos-a-conferencia-do-clima","status":"publish","type":"post","link":"https:\/\/migracao.redenoticia.com.br\/noticia\/2015\/governo-frances-anula-eventos-paralelos-a-conferencia-do-clima\/77585","title":{"rendered":"Governo franc\u00eas anula eventos paralelos \u00e0 Confer\u00eancia do Clima"},"content":{"rendered":"<p>A <strong><em>Confer\u00eancia da Organiza\u00e7\u00e3o das Na\u00e7\u00f5es Unidas<\/em><\/strong> (ONU) sobre o Clima, que ser\u00e1 realizada a partir do dia 29 deste m\u00eas em Paris, vai concentrar-se nas negocia\u00e7\u00f5es. Os \u201cconcertos e iniciativas festivas\u201d paralelas ser\u00e3o, \u201csem sombra de d\u00favida, canceladas\u201d, disse o primeiro-ministro franc\u00eas, Manuel Valls.<\/p>\n<p>&#8220;Todos os chefes de Estado e de governo ir\u00e3o a Paris e v\u00e3o levar uma mensagem ao mundo inteiro de apoio e de solidariedade com a Fran\u00e7a. Nenhum chefe de Estado, de governo, pelo contr\u00e1rio, nos pediu para adiar a sua vinda. Todos querem estar l\u00e1. Penso que seria o contr\u00e1rio de abdicar perante o terrorismo&#8221;, afirmou Valls \u00e0 r\u00e1dio RTL.<\/p>\n<p>&#8220;A Fran\u00e7a ser\u00e1 a capital do mundo. Paris \u00e9 a capital do mundo\u201d, acrescentou. &#8220;[A confer\u00eancia] ser\u00e1, sem d\u00favida, reduzida \u00e0 negocia\u00e7\u00e3o. Toda uma s\u00e9rie de concertos, de manifesta\u00e7\u00f5es mais festivas v\u00e3o ser canceladas&#8221;, destacou.<\/p>\n<p>&#8220;Nada deve ser feito que possa p\u00f4r em perigo pessoas que se manifestam em Paris. E como temos de organizar essa grande reuni\u00e3o sobre o clima, ao mesmo tempo as for\u00e7as de seguran\u00e7a devem centrar-se no essencial&#8221;, acrescentou.<\/p>\n<p>Para Manuel Valls, &#8220;o encontro ser\u00e1 uma grande mensagem de todo o planeta&#8221; e tamb\u00e9m a oportunidade de manifestar a vontade de lutar contra o radicalismo e o fanatismo.<\/p>\n<p>No fim de semana, surgiram d\u00favidas sobre a realiza\u00e7\u00e3o da 21\u00aa Confer\u00eancia das Partes (COP 21, na sigla em ingl\u00eas) da Conven\u00e7\u00e3o-Quadro da ONU sobre as Altera\u00e7\u00f5es Clim\u00e1ticas depois dos atentados de sexta-feira \u00e0 noite em Paris, que deixaram pelo menos 129 mortos.<\/p>\n<p>O grupo extremista Estado Isl\u00e2mico reivindicou os atentados, que ocorreram em v\u00e1rios locais da cidade, entre eles uma sala de espet\u00e1culos e o Stade de France, onde ocorria um jogo de futebol entre as sele\u00e7\u00f5es de Fran\u00e7a e da Alemanha.<\/p>\n<p>A Fran\u00e7a decretou estado de emerg\u00eancia e restabeleceu o controle de fronteiras. O presidente franc\u00eas, Fran\u00e7ois Hollande, classificou os ataques como &#8220;sem precedentes no pa\u00eds\u201d.<\/p>\n<p>Ag\u00eancia Brasil<br \/>\nDa Ag\u00eancia Lusa<br \/>\n16\/11\/2015<\/p>\n","protected":false},"excerpt":{"rendered":"<p>A Confer\u00eancia da Organiza\u00e7\u00e3o das Na\u00e7\u00f5es Unidas (ONU) sobre o Clima, que ser\u00e1 realizada a partir do dia 29 deste m\u00eas em Paris, vai concentrar-se nas negocia\u00e7\u00f5es. Os \u201cconcertos e iniciativas festivas\u201d paralelas ser\u00e3o, \u201csem sombra de d\u00favida, canceladas\u201d, disse o primeiro-ministro franc\u00eas, Manuel Valls. &#8220;Todos os chefes de Estado e de governo ir\u00e3o a [&hellip;]<\/p>\n","protected":false},"author":2,"featured_media":36246,"comment_status":"open","ping_status":"closed","sticky":false,"template":"","format":"standard","meta":{"tdm_status":"","tdm_grid_status":"","footnotes":""},"categories":[22],"tags":[],"class_list":{"0":"post-77585","1":"post","2":"type-post","3":"status-publish","4":"format-standard","5":"has-post-thumbnail","7":"category-brasil"},"_links":{"self":[{"href":"https:\/\/migracao.redenoticia.com.br\/noticia\/wp-json\/wp\/v2\/posts\/77585","targetHints":{"allow":["GET"]}}],"collection":[{"href":"https:\/\/migracao.redenoticia.com.br\/noticia\/wp-json\/wp\/v2\/posts"}],"about":[{"href":"https:\/\/migracao.redenoticia.com.br\/noticia\/wp-json\/wp\/v2\/types\/post"}],"author":[{"embeddable":true,"href":"https:\/\/migracao.redenoticia.com.br\/noticia\/wp-json\/wp\/v2\/users\/2"}],"replies":[{"embeddable":true,"href":"https:\/\/migracao.redenoticia.com.br\/noticia\/wp-json\/wp\/v2\/comments?post=77585"}],"version-history":[{"count":0,"href":"https:\/\/migracao.redenoticia.com.br\/noticia\/wp-json\/wp\/v2\/posts\/77585\/revisions"}],"wp:featuredmedia":[{"embeddable":true,"href":"https:\/\/migracao.redenoticia.com.br\/noticia\/wp-json\/wp\/v2\/media\/36246"}],"wp:attachment":[{"href":"https:\/\/migracao.redenoticia.com.br\/noticia\/wp-json\/wp\/v2\/media?parent=77585"}],"wp:term":[{"taxonomy":"category","embeddable":true,"href":"https:\/\/migracao.redenoticia.com.br\/noticia\/wp-json\/wp\/v2\/categories?post=77585"},{"taxonomy":"post_tag","embeddable":true,"href":"https:\/\/migracao.redenoticia.com.br\/noticia\/wp-json\/wp\/v2\/tags?post=77585"}],"curies":[{"name":"wp","href":"https:\/\/api.w.org\/{rel}","templated":true}]}}