{"id":77587,"date":"2015-11-16T16:57:57","date_gmt":"2015-11-16T18:57:57","guid":{"rendered":"http:\/\/www.redenoticia.com.br\/noticia\/?p=77587"},"modified":"2015-11-16T16:57:57","modified_gmt":"2015-11-16T18:57:57","slug":"primeiro-ministro-frances-alerta-sobre-possibilidade-de-novos-ataques","status":"publish","type":"post","link":"https:\/\/migracao.redenoticia.com.br\/noticia\/2015\/primeiro-ministro-frances-alerta-sobre-possibilidade-de-novos-ataques\/77587","title":{"rendered":"Primeiro-ministro franc\u00eas alerta sobre possibilidade de novos ataques"},"content":{"rendered":"<p>O primeiro-ministro franc\u00eas, Manuel Valls, disse que a Fran\u00e7a tem de se preparar para a possibilidade de novos <strong><em>atentados terroristas<\/em><\/strong> e que os ataques de sexta-feira ((13) em Paris foram planejados na S\u00edria. Valls destacou que seu pa\u00eds pode voltar a ser alvo de ataque nos pr\u00f3ximos dias, nas pr\u00f3ximas semanas. &#8220;Vamos viver muito tempo com essa amea\u00e7a, temos de estar preparados&#8221;, disse o primeiro-ministro franc\u00eas \u00e0 r\u00e1dio RTL. Segundo ele, a amea\u00e7a se estende a outros pa\u00edses europeus. \u201cSabemos que h\u00e1 opera\u00e7\u00f5es que est\u00e3o sendo preparadas, n\u00e3o apenas contra a Fran\u00e7a mas contra outros pa\u00edses europeus\u201d.<\/p>\n<p>De acordo com Manuel Valls, os atentados de Paris, em que pelo menos 129 pessoas morreram, foram &#8220;organizados, pensados, planejados a partir da S\u00edria&#8221;.<\/p>\n<p>O primeiro-ministro lembrou que nesse domingo bombardeios a\u00e9reos franceses destru\u00edram &#8220;dois alvos operacionais&#8221; do grupo terrorista Estado Isl\u00e2mico na cidade s\u00edria de Raqa e que uma dezena de avi\u00f5es de combate da Fran\u00e7a asseguraram a opera\u00e7\u00e3o.<\/p>\n<p>Valls lembrou que o presidente Fran\u00e7ois Hollande anunciou, ap\u00f3s os atentados de Paris, uma &#8220;resposta \u00e0 altura&#8221;.<\/p>\n<p>Questionado sobre as raz\u00f5es por que n\u00e3o houve antes uma atua\u00e7\u00e3o dessa dimens\u00e3o, ele respondeu que a Fran\u00e7a integra uma coliga\u00e7\u00e3o contra o Estado isl\u00e2mico e que &#8220;o epicentro&#8221; da amea\u00e7a &#8220;n\u00e3o est\u00e1 apenas na S\u00edria&#8221;, mas tamb\u00e9m no Iraque.<\/p>\n<p>&#8220;A Fran\u00e7a est\u00e1, com frequ\u00eancia, na vanguarda da atua\u00e7\u00e3o contra o terrorismo&#8221;, acrescentou, lembrando a participa\u00e7\u00e3o francesa em diversos cen\u00e1rios e opera\u00e7\u00f5es internacionais, por interesse pr\u00f3prio, mas tamb\u00e9m no interesse da Europa como um todo.<\/p>\n<p>Valls considerou que &#8220;todo o mundo deve se mobilizar contra essa amea\u00e7a&#8221;.<\/p>\n<p>Segundo informa\u00e7\u00f5es divulgadas pelo Minist\u00e9rio da Defesa franc\u00eas, os bombardeios em Raqa tiveram como principal objetivo &#8220;um posto de comando&#8221; do Estado Isl\u00e2mico, que tamb\u00e9m servia como centro de recrutamento do grupo terrorista.<\/p>\n<p>A organiza\u00e7\u00e3o reivindicou, no s\u00e1bado (14), em comunicado, a autoria dos atentados de sexta-feira em Paris.<\/p>\n<p>Os ataques, praticados por pelo menos sete terroristas, que morreram, ocorreram em v\u00e1rios locais da cidade, entre eles uma sala de espet\u00e1culos e o Stade de France, onde ocorria um jogo de futebol entre as sele\u00e7\u00f5es de Fran\u00e7a e da Alemanha.<\/p>\n<p>A Fran\u00e7a decretou estado de emerg\u00eancia e restabeleceu o controle de fronteiras. Fran\u00e7ois Hollande classificou os ataques terroristas como &#8220;sem precedentes no pa\u00eds\u201d.<\/p>\n<p>Ag\u00eancia Brasil<br \/>\nDa Ag\u00eancia Lusa<br \/>\nEdi\u00e7\u00e3o: Carolina Pimentel<br \/>\n16\/11\/2015<\/p>\n","protected":false},"excerpt":{"rendered":"<p>O primeiro-ministro franc\u00eas, Manuel Valls, disse que a Fran\u00e7a tem de se preparar para a possibilidade de novos atentados terroristas e que os ataques de sexta-feira ((13) em Paris foram planejados na S\u00edria. Valls destacou que seu pa\u00eds pode voltar a ser alvo de ataque nos pr\u00f3ximos dias, nas pr\u00f3ximas semanas. &#8220;Vamos viver muito tempo [&hellip;]<\/p>\n","protected":false},"author":2,"featured_media":0,"comment_status":"open","ping_status":"closed","sticky":false,"template":"","format":"standard","meta":{"tdm_status":"","tdm_grid_status":"","footnotes":""},"categories":[22],"tags":[],"class_list":{"0":"post-77587","1":"post","2":"type-post","3":"status-publish","4":"format-standard","6":"category-brasil"},"_links":{"self":[{"href":"https:\/\/migracao.redenoticia.com.br\/noticia\/wp-json\/wp\/v2\/posts\/77587","targetHints":{"allow":["GET"]}}],"collection":[{"href":"https:\/\/migracao.redenoticia.com.br\/noticia\/wp-json\/wp\/v2\/posts"}],"about":[{"href":"https:\/\/migracao.redenoticia.com.br\/noticia\/wp-json\/wp\/v2\/types\/post"}],"author":[{"embeddable":true,"href":"https:\/\/migracao.redenoticia.com.br\/noticia\/wp-json\/wp\/v2\/users\/2"}],"replies":[{"embeddable":true,"href":"https:\/\/migracao.redenoticia.com.br\/noticia\/wp-json\/wp\/v2\/comments?post=77587"}],"version-history":[{"count":0,"href":"https:\/\/migracao.redenoticia.com.br\/noticia\/wp-json\/wp\/v2\/posts\/77587\/revisions"}],"wp:attachment":[{"href":"https:\/\/migracao.redenoticia.com.br\/noticia\/wp-json\/wp\/v2\/media?parent=77587"}],"wp:term":[{"taxonomy":"category","embeddable":true,"href":"https:\/\/migracao.redenoticia.com.br\/noticia\/wp-json\/wp\/v2\/categories?post=77587"},{"taxonomy":"post_tag","embeddable":true,"href":"https:\/\/migracao.redenoticia.com.br\/noticia\/wp-json\/wp\/v2\/tags?post=77587"}],"curies":[{"name":"wp","href":"https:\/\/api.w.org\/{rel}","templated":true}]}}