{"id":77594,"date":"2015-11-16T17:00:00","date_gmt":"2015-11-16T19:00:00","guid":{"rendered":"http:\/\/www.redenoticia.com.br\/noticia\/?p=77594"},"modified":"2015-11-16T17:00:00","modified_gmt":"2015-11-16T19:00:00","slug":"pf-desencadeia-20a-fase-da-operacao-lava-jato-no-rio-e-na-bahia","status":"publish","type":"post","link":"https:\/\/migracao.redenoticia.com.br\/noticia\/2015\/pf-desencadeia-20a-fase-da-operacao-lava-jato-no-rio-e-na-bahia\/77594","title":{"rendered":"PF desencadeia 20\u00aa fase da Opera\u00e7\u00e3o Lava Jato no Rio e na Bahia"},"content":{"rendered":"<p> A Pol\u00edcia Federal (PF) cumpre mandados de pris\u00e3o, condu\u00e7\u00e3o coercitiva e busca e apreens\u00e3o como parte da 20\u00aa fase da <strong><em>Opera\u00e7\u00e3o Lava Jato<\/em><\/strong>, chamada de Corros\u00e3o. De acordo com a PF, est\u00e3o sendo cumpridos dois mandados de pris\u00e3o tempor\u00e1ria, 11 de busca e apreens\u00e3o e cinco de condu\u00e7\u00e3o coercitiva \u00e0 delegacia, na cidade de Salvador e no estado do Rio de Janeiro.<\/p>\n<p>Al\u00e9m da capital fluminense, est\u00e3o sendo cumpridos mandados nas cidades de Rio Bonito e Niter\u00f3i, na regi\u00e3o metropolitana do Rio e em Petr\u00f3polis, na regi\u00e3o serrana. Os alvos dessa fase s\u00e3o ex-funcion\u00e1rios de uma estatal, n\u00e3o identificada pela PF. Eles s\u00e3o investigados pelo recebimento de propina de representantes de empresas contratadas.<\/p>\n<p>A PF investiga a atua\u00e7\u00e3o de um novo operador financeiro no esquema da Lava Jato, que funcionaria como um facilitador na movimenta\u00e7\u00e3o das proprinas pagas aos integrantes da diretoria dessa estatal. Os investigados responder\u00e3o pelos crimes de corrup\u00e7\u00e3o, fraude em licita\u00e7\u00f5es, evas\u00e3o de divisas e lavagem de dinheiro, entre outros crimes em apura\u00e7\u00e3o.<\/p>\n<p>Os presos ser\u00e3o levados para a Superintend\u00eancia da Pol\u00edcia Federal em Curitiba.<\/p>\n<p>Vitor Abdala &#8211; Rep\u00f3rter da Ag\u00eancia Brasil<br \/>\nEdi\u00e7\u00e3o: Gra\u00e7a Adjuto<br \/>\n16\/11\/2015<\/p>\n","protected":false},"excerpt":{"rendered":"<p>A Pol\u00edcia Federal (PF) cumpre mandados de pris\u00e3o, condu\u00e7\u00e3o coercitiva e busca e apreens\u00e3o como parte da 20\u00aa fase da Opera\u00e7\u00e3o Lava Jato, chamada de Corros\u00e3o. De acordo com a PF, est\u00e3o sendo cumpridos dois mandados de pris\u00e3o tempor\u00e1ria, 11 de busca e apreens\u00e3o e cinco de condu\u00e7\u00e3o coercitiva \u00e0 delegacia, na cidade de Salvador [&hellip;]<\/p>\n","protected":false},"author":2,"featured_media":38938,"comment_status":"open","ping_status":"closed","sticky":false,"template":"","format":"standard","meta":{"tdm_status":"","tdm_grid_status":"","footnotes":""},"categories":[22],"tags":[],"class_list":{"0":"post-77594","1":"post","2":"type-post","3":"status-publish","4":"format-standard","5":"has-post-thumbnail","7":"category-brasil"},"_links":{"self":[{"href":"https:\/\/migracao.redenoticia.com.br\/noticia\/wp-json\/wp\/v2\/posts\/77594","targetHints":{"allow":["GET"]}}],"collection":[{"href":"https:\/\/migracao.redenoticia.com.br\/noticia\/wp-json\/wp\/v2\/posts"}],"about":[{"href":"https:\/\/migracao.redenoticia.com.br\/noticia\/wp-json\/wp\/v2\/types\/post"}],"author":[{"embeddable":true,"href":"https:\/\/migracao.redenoticia.com.br\/noticia\/wp-json\/wp\/v2\/users\/2"}],"replies":[{"embeddable":true,"href":"https:\/\/migracao.redenoticia.com.br\/noticia\/wp-json\/wp\/v2\/comments?post=77594"}],"version-history":[{"count":0,"href":"https:\/\/migracao.redenoticia.com.br\/noticia\/wp-json\/wp\/v2\/posts\/77594\/revisions"}],"wp:featuredmedia":[{"embeddable":true,"href":"https:\/\/migracao.redenoticia.com.br\/noticia\/wp-json\/wp\/v2\/media\/38938"}],"wp:attachment":[{"href":"https:\/\/migracao.redenoticia.com.br\/noticia\/wp-json\/wp\/v2\/media?parent=77594"}],"wp:term":[{"taxonomy":"category","embeddable":true,"href":"https:\/\/migracao.redenoticia.com.br\/noticia\/wp-json\/wp\/v2\/categories?post=77594"},{"taxonomy":"post_tag","embeddable":true,"href":"https:\/\/migracao.redenoticia.com.br\/noticia\/wp-json\/wp\/v2\/tags?post=77594"}],"curies":[{"name":"wp","href":"https:\/\/api.w.org\/{rel}","templated":true}]}}