{"id":77597,"date":"2015-11-16T17:00:57","date_gmt":"2015-11-16T19:00:57","guid":{"rendered":"http:\/\/www.redenoticia.com.br\/noticia\/?p=77597"},"modified":"2015-11-16T17:00:57","modified_gmt":"2015-11-16T19:00:57","slug":"receita-paga-hoje-6o-lote-de-restituicao-do-imposto-de-renda","status":"publish","type":"post","link":"https:\/\/migracao.redenoticia.com.br\/noticia\/2015\/receita-paga-hoje-6o-lote-de-restituicao-do-imposto-de-renda\/77597","title":{"rendered":"Receita paga hoje 6\u00ba lote de restitui\u00e7\u00e3o do Imposto de Renda"},"content":{"rendered":"<p> A <strong><em>Receita Federal<\/em><\/strong> depositou nos bancos as restitui\u00e7\u00f5es do sexto lote do Imposto de Renda Pessoa F\u00edsica 2015. \u00c9 o pen\u00faltimo lote liberado. A consulta ao lote pode ser feita na p\u00e1gina da Receita, pelo Receitafone e pelo aplicativo para tablets e smartphones.<\/p>\n<p>O sexto lote inclui 2.107.191 contribuintes e o valor total \u00e9 R$ 2,399 bilh\u00f5es. A Receita paga tamb\u00e9m R$ 101,07 milh\u00f5es a 46.279 contribuintes que fizeram a declara\u00e7\u00e3o entre 2008 e 2014, mas estavam na malha fina.<\/p>\n<p>As restitui\u00e7\u00f5es t\u00eam corre\u00e7\u00e3o de 7,57% para o lote de 2015 e de 76,07% para o lote de 2008. Em todos os casos, os \u00edndices t\u00eam como base a taxa Selic (juros b\u00e1sicos da economia) acumulada desde a entrega da declara\u00e7\u00e3o at\u00e9 este m\u00eas.<\/p>\n<p>O dep\u00f3sito \u00e9 feito nas contas informadas na declara\u00e7\u00e3o. O contribuinte que n\u00e3o receber a restitui\u00e7\u00e3o dever\u00e1 ir a uma ag\u00eancia do Banco do Brasil ou ligar para os telefones 4004-0001 (capitais), 0800-729-0001 (demais localidades) e 0800-729-0088 (telefone especial exclusivo para deficientes auditivos) para ter acesso ao pagamento.<\/p>\n<p>O \u00faltimo lote regular ser\u00e1 liberado em dezembro. Se estiverem fora desses lotes, os contribuintes devem procurar a Receita Federal: os nomes podem estar na malha fina por erros ou omiss\u00f5es na declara\u00e7\u00e3o.<\/p>\n<p>Da Ag\u00eancia Brasil<br \/>\nEdi\u00e7\u00e3o: Gra\u00e7a Adjuto<br \/>\n16\/11\/2015<\/p>\n","protected":false},"excerpt":{"rendered":"<p>A Receita Federal depositou nos bancos as restitui\u00e7\u00f5es do sexto lote do Imposto de Renda Pessoa F\u00edsica 2015. \u00c9 o pen\u00faltimo lote liberado. A consulta ao lote pode ser feita na p\u00e1gina da Receita, pelo Receitafone e pelo aplicativo para tablets e smartphones. O sexto lote inclui 2.107.191 contribuintes e o valor total \u00e9 R$ [&hellip;]<\/p>\n","protected":false},"author":2,"featured_media":23889,"comment_status":"open","ping_status":"closed","sticky":false,"template":"","format":"standard","meta":{"tdm_status":"","tdm_grid_status":"","footnotes":""},"categories":[22],"tags":[],"class_list":{"0":"post-77597","1":"post","2":"type-post","3":"status-publish","4":"format-standard","5":"has-post-thumbnail","7":"category-brasil"},"_links":{"self":[{"href":"https:\/\/migracao.redenoticia.com.br\/noticia\/wp-json\/wp\/v2\/posts\/77597","targetHints":{"allow":["GET"]}}],"collection":[{"href":"https:\/\/migracao.redenoticia.com.br\/noticia\/wp-json\/wp\/v2\/posts"}],"about":[{"href":"https:\/\/migracao.redenoticia.com.br\/noticia\/wp-json\/wp\/v2\/types\/post"}],"author":[{"embeddable":true,"href":"https:\/\/migracao.redenoticia.com.br\/noticia\/wp-json\/wp\/v2\/users\/2"}],"replies":[{"embeddable":true,"href":"https:\/\/migracao.redenoticia.com.br\/noticia\/wp-json\/wp\/v2\/comments?post=77597"}],"version-history":[{"count":0,"href":"https:\/\/migracao.redenoticia.com.br\/noticia\/wp-json\/wp\/v2\/posts\/77597\/revisions"}],"wp:featuredmedia":[{"embeddable":true,"href":"https:\/\/migracao.redenoticia.com.br\/noticia\/wp-json\/wp\/v2\/media\/23889"}],"wp:attachment":[{"href":"https:\/\/migracao.redenoticia.com.br\/noticia\/wp-json\/wp\/v2\/media?parent=77597"}],"wp:term":[{"taxonomy":"category","embeddable":true,"href":"https:\/\/migracao.redenoticia.com.br\/noticia\/wp-json\/wp\/v2\/categories?post=77597"},{"taxonomy":"post_tag","embeddable":true,"href":"https:\/\/migracao.redenoticia.com.br\/noticia\/wp-json\/wp\/v2\/tags?post=77597"}],"curies":[{"name":"wp","href":"https:\/\/api.w.org\/{rel}","templated":true}]}}