{"id":77627,"date":"2015-11-17T15:13:09","date_gmt":"2015-11-17T17:13:09","guid":{"rendered":"http:\/\/www.redenoticia.com.br\/noticia\/?p=77627"},"modified":"2015-11-17T15:13:09","modified_gmt":"2015-11-17T17:13:09","slug":"gestao-de-recursos-hidricos-e-tema-de-workshop-gratuito","status":"publish","type":"post","link":"https:\/\/migracao.redenoticia.com.br\/noticia\/2015\/gestao-de-recursos-hidricos-e-tema-de-workshop-gratuito\/77627","title":{"rendered":"Gest\u00e3o de recursos h\u00eddricos \u00e9 tema de workshop gratuito"},"content":{"rendered":"<p>O Governo do Estado de S\u00e3o Paulo e o Governo da Austr\u00e1lia realizam o Workshop S\u00e3o Paulo &amp; Austr\u00e1lia \u2013 Estudos, Pol\u00edticas P\u00fablicas e <em><strong>Gest\u00e3o dos Recursos H\u00eddricos<\/strong><\/em> nesta quinta (19) a partir das 8h30. O objetivo \u00e9 mostrar a experi\u00eancia australiana que atravessou um per\u00edodo de seca de 14 anos. A mesma expertise foi implementada no Chile recentemente, com sucesso.<\/p>\n<p>De acordo com a secret\u00e1ria adjunta da Secretaria de Recursos H\u00eddricos, M\u00f4nica Porto, a seca de S\u00e3o Paulo e Austr\u00e1lia tem bastante em comum e destacou o ineditismo do fen\u00f4meno clim\u00e1tico em ambas as regi\u00f5es. &#8220;Climatologicamente falando, a seca n\u00e3o faz parte do quotidiano de S\u00e3o Paulo, tampouco da regi\u00e3o australiana afetada&#8221;, afirmou.<\/p>\n<p>Fazem parte da programa\u00e7\u00e3o do evento, promovido pela Secretaria de Recursos H\u00eddricos em parceria com a Assessoria Especial para Assuntos Internacionais do governo paulista, temas como\u00a0Gest\u00e3o da seca e demanda; Sistema de informa\u00e7\u00e3o da \u00e1gua; Boletins\/Relat\u00f3rios das condi\u00e7\u00f5es fluviais; Qualidade da \u00e1gua e reuso e Experi\u00eancias Australianas em gerenciamento da \u00e1gua no Chile.<\/p>\n<p>Ser\u00e3o 6 palestrantes: o diretor do Instituto Australiano de Rios, Stuart Bunn; o professor da USP, Reynaldo Victoria; o gerente da Divis\u00e3o de Qualidade das \u00c1guas e do Solo da CETESB, Nelson Menegon J\u00fanior; David Waite da University of New South Wales; Fernando Gomes da Silva, diretor do Aquapolo; Edmundo Claro, pesquisador do CSIRO (Commonwealth Scientific and Industrial Research) do Chile.<\/p>\n<p>O evento acontece na sede da Sabesp e conta com a participa\u00e7\u00e3o dos secret\u00e1rios de Recursos H\u00eddricos, Benedito Braga (titular) e Monica Porto (adjunta) respectivamente, do c\u00f4nsul-geral da Austr\u00e1lia em S\u00e3o Paulo Kym Fullgrabe e do embaixador australiano Patrick Lawless.<\/p>\n<p>Interessados devem fazer inscri\u00e7\u00e3o pelo . O evento \u00e9 gratuito, mas as vagas s\u00e3o limitadas.<\/p>\n<p>SERVI\u00c7O<br \/>\nWorkshop S\u00e3o Paulo &amp; Austr\u00e1lia<br \/>\nData: 19\/11<br \/>\nHor\u00e1rio: 8h30<br \/>\nLocal: Sabesp<br \/>\nEndere\u00e7o: Rua Nicolau Gagliardi, 313 \u2013 Pinheiros<br \/>\nS\u00e3o Paulo \u2013 SP<br \/>\nInscri\u00e7\u00f5es pelo\u00a0Gratuito<br \/>\nVagas limitadas<\/p>\n<p>Do Portal do Governo do Estado SP<\/p>\n<p>&nbsp;<\/p>\n<div class=\"wrap-content\"><\/div>\n","protected":false},"excerpt":{"rendered":"<p>O Governo do Estado de S\u00e3o Paulo e o Governo da Austr\u00e1lia realizam o Workshop S\u00e3o Paulo &amp; Austr\u00e1lia \u2013 Estudos, Pol\u00edticas P\u00fablicas e Gest\u00e3o dos Recursos H\u00eddricos nesta quinta (19) a partir das 8h30. O objetivo \u00e9 mostrar a experi\u00eancia australiana que atravessou um per\u00edodo de seca de 14 anos. A mesma expertise foi [&hellip;]<\/p>\n","protected":false},"author":2,"featured_media":28951,"comment_status":"open","ping_status":"closed","sticky":false,"template":"","format":"standard","meta":{"tdm_status":"","tdm_grid_status":"","footnotes":""},"categories":[22],"tags":[],"class_list":{"0":"post-77627","1":"post","2":"type-post","3":"status-publish","4":"format-standard","5":"has-post-thumbnail","7":"category-brasil"},"_links":{"self":[{"href":"https:\/\/migracao.redenoticia.com.br\/noticia\/wp-json\/wp\/v2\/posts\/77627","targetHints":{"allow":["GET"]}}],"collection":[{"href":"https:\/\/migracao.redenoticia.com.br\/noticia\/wp-json\/wp\/v2\/posts"}],"about":[{"href":"https:\/\/migracao.redenoticia.com.br\/noticia\/wp-json\/wp\/v2\/types\/post"}],"author":[{"embeddable":true,"href":"https:\/\/migracao.redenoticia.com.br\/noticia\/wp-json\/wp\/v2\/users\/2"}],"replies":[{"embeddable":true,"href":"https:\/\/migracao.redenoticia.com.br\/noticia\/wp-json\/wp\/v2\/comments?post=77627"}],"version-history":[{"count":0,"href":"https:\/\/migracao.redenoticia.com.br\/noticia\/wp-json\/wp\/v2\/posts\/77627\/revisions"}],"wp:featuredmedia":[{"embeddable":true,"href":"https:\/\/migracao.redenoticia.com.br\/noticia\/wp-json\/wp\/v2\/media\/28951"}],"wp:attachment":[{"href":"https:\/\/migracao.redenoticia.com.br\/noticia\/wp-json\/wp\/v2\/media?parent=77627"}],"wp:term":[{"taxonomy":"category","embeddable":true,"href":"https:\/\/migracao.redenoticia.com.br\/noticia\/wp-json\/wp\/v2\/categories?post=77627"},{"taxonomy":"post_tag","embeddable":true,"href":"https:\/\/migracao.redenoticia.com.br\/noticia\/wp-json\/wp\/v2\/tags?post=77627"}],"curies":[{"name":"wp","href":"https:\/\/api.w.org\/{rel}","templated":true}]}}