{"id":77631,"date":"2015-11-17T15:20:40","date_gmt":"2015-11-17T17:20:40","guid":{"rendered":"http:\/\/www.redenoticia.com.br\/noticia\/?p=77631"},"modified":"2015-11-17T15:20:40","modified_gmt":"2015-11-17T17:20:40","slug":"base-curricular-traz-qualidade-da-educacao-para-centro-do-debate","status":"publish","type":"post","link":"https:\/\/migracao.redenoticia.com.br\/noticia\/2015\/base-curricular-traz-qualidade-da-educacao-para-centro-do-debate\/77631","title":{"rendered":"Base Curricular traz qualidade da educa\u00e7\u00e3o para centro do debate"},"content":{"rendered":"<p>At\u00e9 o ano que vem, o Brasil dever\u00e1 decidir o que as crian\u00e7as e os jovens devem aprender em cada etapa do ensino b\u00e1sico, que vai da educa\u00e7\u00e3o infantil ao ensino m\u00e9dio. A defini\u00e7\u00e3o da <strong><em>Base Nacional Comum Curricular<\/em><\/strong> est\u00e1 prevista em lei, no Plano Nacional de Educa\u00e7\u00e3o (PNE). Uma primeira proposta est\u00e1 dispon\u00edvel na internet para cr\u00edticas e contribui\u00e7\u00f5es.<\/p>\n<p>Ap\u00f3s a conclus\u00e3o, o documento ser\u00e1 o respons\u00e1vel por reformular e determinar o curr\u00edculo m\u00ednimo para todos os alunos das escolas de educa\u00e7\u00e3o b\u00e1sica do pa\u00eds.<\/p>\n<p>O secret\u00e1rio de Educa\u00e7\u00e3o B\u00e1sica do Minist\u00e9rio da Educa\u00e7\u00e3o (MEC), Manuel Palacios, afirma que a defini\u00e7\u00e3o de objetivos de aprendizagem \u00e9 algo in\u00e9dito no pa\u00eds e dever\u00e1 mexer tanto com as avalia\u00e7\u00f5es, como a Prova Brasil, quanto com os livros did\u00e1ticos e a forma\u00e7\u00e3o dos professores. \u201cEu acho que vai trazer grandes resultados\u201d, defende.<\/p>\n<p>O MEC \u00e9 respons\u00e1vel por coordenar esse processo que envolve pesquisadores, professores, estados, munic\u00edpios, entidades de educa\u00e7\u00e3o, alunos e pais. A inten\u00e7\u00e3o \u00e9 que os conte\u00fados definidos na Base Curricular ocupem 60% da carga hor\u00e1ria dos estudantes. No restante do tempo, as pr\u00f3prias redes de ensino poder\u00e3o definir o que ofertar \u2013 desde conte\u00fados regionais, atividades extras a forma\u00e7\u00e3o t\u00e9cnica, por exemplo.<\/p>\n<p>Para divulgar ainda mais esse processo, o MEC instituiu o 1\u00ba de dezembro como Dia Nacional da Base. As propostas feitas at\u00e9 o dia 15 do pr\u00f3ximo m\u00eas ser\u00e3o sistematizadas e uma segunda vers\u00e3o do documento dever\u00e1 estar dispon\u00edvel at\u00e9 mar\u00e7o do ano que vem. A Base Nacional Comum Curricular ser\u00e1 debatida em semin\u00e1rios nos 26 estados e no Distrito Federal, antes de ser finalizada.<\/p>\n<p>Leia os principais trechos da entrevista concedida \u00e0 Ag\u00eancia Brasil:<\/p>\n<p>Ag\u00eancia Brasil: O que uma Base Nacional Comum Curricular vai trazer para o Brasil?<br \/>\nManuel Palacios: Eu acho que ela vai trazer grandes resultados. Para come\u00e7ar, \u00e9 uma discuss\u00e3o s\u00f3 educacional, a gente discute muito as condi\u00e7\u00f5es para que a educa\u00e7\u00e3o tenha qualidade, mas o que significa uma educa\u00e7\u00e3o de qualidade? A gente gasta pouco tempo com esse debate. \u00c9 um debate que chama os educadores para discutir a sua atividade, o objetivo daquilo que fazem.<\/p>\n<p>Ag\u00eancia Brasil: O que esse debate tem trazido?<br \/>\nPalacios: Quando voc\u00ea come\u00e7a a discutir a Base, come\u00e7a a ver tamb\u00e9m o quanto precisamos avan\u00e7ar, o quanto certas \u00e1reas s\u00e3o obscuras e n\u00e3o conseguimos dizer com clareza quais objetivos se quer alcan\u00e7ar. Quanto mais clareza houver, mais ser\u00e1 poss\u00edvel ter esfor\u00e7os coletivos para realizar esses objetivos. Se o professor que est\u00e1 em sala de aula n\u00e3o tem clareza de quais objetivos alcan\u00e7ar, se os professores que formam professores n\u00e3o t\u00eam clareza sobre quais objetivos os profissionais est\u00e3o buscando alcan\u00e7ar em cada sala de aula, como vamos conseguir resultados melhores? \u00c9 muito dif\u00edcil.<\/p>\n<p>Ag\u00eancia Brasil: O documento atual foi alvo de diversas cr\u00edticas, entre elas, o excesso de conte\u00fados em algumas \u00e1reas e a falta em outras, como a aus\u00eancia de gram\u00e1tica.<br \/>\nPalacios: Essa \u00e9 uma proposta preliminar de Base Nacional Comum, a inten\u00e7\u00e3o \u00e9 que o debate seja capaz de alterar esse documento preliminar. H\u00e1 alguns componentes curriculares em que h\u00e1 excesso de objetivos, \u00e9 preciso encontrar uma vers\u00e3o mais sint\u00e9tica. Em outros casos, seria necess\u00e1rio uma integra\u00e7\u00e3o mais expressiva com outros componentes curriculares. Os pr\u00f3prios apoiadores da proposta preliminar s\u00e3o agora os primeiros cr\u00edticos e querem encontrar solu\u00e7\u00f5es mais adequadas. Mas at\u00e9 aqui n\u00e3o houve, de forma muito contrastante, opini\u00f5es que n\u00e3o encontrassem forma de entendimento. O tema da gram\u00e1tica, a pr\u00f3pria comiss\u00e3o que trabalhou na \u00e1rea de l\u00edngua portuguesa entende que tem que melhorar as refer\u00eancias de dom\u00ednio da estrutura da linguagem.<\/p>\n<p>Ag\u00eancia Brasil: Quando a Base come\u00e7ar\u00e1 a ser de fato implementada?<br \/>\nPalacios: Em um primeiro momento, h\u00e1 a implementa\u00e7\u00e3o nos entes federados. Mas tamb\u00e9m as avalia\u00e7\u00f5es precisam se adequar \u00e0 Base. A expectativa que se tem \u00e9 que as avalia\u00e7\u00f5es, a partir de 2018, j\u00e1 reflitam a Base. Os livros did\u00e1ticos s\u00e3o produzidos com muita anteced\u00eancia. Acho que 2019 \u00e9 um horizonte razo\u00e1vel para que o livro tenha os conte\u00fados definidos pela Base Nacional. S\u00e3o duas pol\u00edticas que s\u00e3o afetadas diretamente pela Base. Outra \u00e9 a forma\u00e7\u00e3o de professores. \u00c9 interessante que a Base gere como consequ\u00eancia uma proposta de reformula\u00e7\u00e3o curricular das licenciaturas, \u00e9 isso o que a gente quer.<\/p>\n<p>Ag\u00eancia Brasil: Como est\u00e1 a participa\u00e7\u00e3o?<br \/>\nPalacios: No in\u00edcio do m\u00eas, o portal tinha 45 mil cadastros, entre indiv\u00edduos e organiza\u00e7\u00f5es, 120 mil usu\u00e1rios, 1,5 milh\u00e3o de p\u00e1ginas visitadas. Tem tamb\u00e9m iniciativas nos estados. Acho que o debate est\u00e1 pegando. Em um debate com especialistas eu estava falando que ningu\u00e9m controla o resultado final. Se tiver um ambiente dominado por desconfian\u00e7as, ningu\u00e9m vai junto a lugar nenhum. Uma coisa \u00e9 reconhecer as dificuldades, os obst\u00e1culos no caminho, mas se dispor a reconhecer esse caminho com os outros. E essa discuss\u00e3o n\u00e3o termina porque se decidiu que a Base vai ter tal ou qual formato. Imagino que daqui a alguns anos, vamos reformar essa Base. O fato de ter uma norma escrita curricular vai permitir tamb\u00e9m que todo mundo a critique.<\/p>\n<p>Mariana Tokarnia \u2013 Rep\u00f3rter da Ag\u00eancia Brasil<br \/>\nEdi\u00e7\u00e3o: L\u00edlian Beraldo<br \/>\n17\/11\/2015<\/p>\n","protected":false},"excerpt":{"rendered":"<p>At\u00e9 o ano que vem, o Brasil dever\u00e1 decidir o que as crian\u00e7as e os jovens devem aprender em cada etapa do ensino b\u00e1sico, que vai da educa\u00e7\u00e3o infantil ao ensino m\u00e9dio. A defini\u00e7\u00e3o da Base Nacional Comum Curricular est\u00e1 prevista em lei, no Plano Nacional de Educa\u00e7\u00e3o (PNE). Uma primeira proposta est\u00e1 dispon\u00edvel na [&hellip;]<\/p>\n","protected":false},"author":2,"featured_media":36262,"comment_status":"open","ping_status":"closed","sticky":false,"template":"","format":"standard","meta":{"tdm_status":"","tdm_grid_status":"","footnotes":""},"categories":[22],"tags":[],"class_list":{"0":"post-77631","1":"post","2":"type-post","3":"status-publish","4":"format-standard","5":"has-post-thumbnail","7":"category-brasil"},"_links":{"self":[{"href":"https:\/\/migracao.redenoticia.com.br\/noticia\/wp-json\/wp\/v2\/posts\/77631","targetHints":{"allow":["GET"]}}],"collection":[{"href":"https:\/\/migracao.redenoticia.com.br\/noticia\/wp-json\/wp\/v2\/posts"}],"about":[{"href":"https:\/\/migracao.redenoticia.com.br\/noticia\/wp-json\/wp\/v2\/types\/post"}],"author":[{"embeddable":true,"href":"https:\/\/migracao.redenoticia.com.br\/noticia\/wp-json\/wp\/v2\/users\/2"}],"replies":[{"embeddable":true,"href":"https:\/\/migracao.redenoticia.com.br\/noticia\/wp-json\/wp\/v2\/comments?post=77631"}],"version-history":[{"count":0,"href":"https:\/\/migracao.redenoticia.com.br\/noticia\/wp-json\/wp\/v2\/posts\/77631\/revisions"}],"wp:featuredmedia":[{"embeddable":true,"href":"https:\/\/migracao.redenoticia.com.br\/noticia\/wp-json\/wp\/v2\/media\/36262"}],"wp:attachment":[{"href":"https:\/\/migracao.redenoticia.com.br\/noticia\/wp-json\/wp\/v2\/media?parent=77631"}],"wp:term":[{"taxonomy":"category","embeddable":true,"href":"https:\/\/migracao.redenoticia.com.br\/noticia\/wp-json\/wp\/v2\/categories?post=77631"},{"taxonomy":"post_tag","embeddable":true,"href":"https:\/\/migracao.redenoticia.com.br\/noticia\/wp-json\/wp\/v2\/tags?post=77631"}],"curies":[{"name":"wp","href":"https:\/\/api.w.org\/{rel}","templated":true}]}}