{"id":77633,"date":"2015-11-17T15:24:01","date_gmt":"2015-11-17T17:24:01","guid":{"rendered":"http:\/\/www.redenoticia.com.br\/noticia\/?p=77633"},"modified":"2015-11-17T15:24:01","modified_gmt":"2015-11-17T17:24:01","slug":"pesquisa-mostra-que-el-nino-sera-o-terceiro-mais-forte-da-historia","status":"publish","type":"post","link":"https:\/\/migracao.redenoticia.com.br\/noticia\/2015\/pesquisa-mostra-que-el-nino-sera-o-terceiro-mais-forte-da-historia\/77633","title":{"rendered":"Pesquisa mostra que El Ni\u00f1o ser\u00e1 o terceiro mais forte da hist\u00f3ria"},"content":{"rendered":"<p>Os efeitos do fen\u00f4meno <strong><em>El Ni\u00f1o<\/em><\/strong> s\u00e3o bastante conhecidos nas regi\u00f5es Sul, Norte e Nordeste do pa\u00eds, enquanto no Sudeste e no Centro-Oeste os efeitos s\u00e3o dif\u00edceis de serem previstos. O Grupo de Eletricidade Atmosf\u00e9rica (Elat), do Instituto Nacional de Pesquisas Espaciais (Inpe), divulgou pesquisa que mostra o impacto do El Ni\u00f1o sobre a ocorr\u00eancia de tempestades no Sudeste durante o ver\u00e3o 2015\/2016.<\/p>\n<p>Segundo os resultados da nova pesquisa, para o ver\u00e3o o El Ni\u00f1o ser\u00e1 muito forte \u2013 deve ser o terceiro mais forte desde 1950, depois de 1983 e 1998. A previs\u00e3o \u00e9 de um aumento na ocorr\u00eancia de tempestades, em rela\u00e7\u00e3o ao \u00faltimo ver\u00e3o, de 20% na Regi\u00e3o Sul, 20% no Sudeste e 10% no Centro-Oeste. Nas regi\u00f5es Norte e Nordeste \u00e9 prevista uma diminui\u00e7\u00e3o das tempestades de 10% e 15%, respectivamente, em rela\u00e7\u00e3o ao \u00faltimo ver\u00e3o. A pesquisa foi baseada em dados de tempestades no ver\u00e3o dessas regi\u00f5es desde 1950.<\/p>\n<p>\u201cAo cruzarmos esses percentuais de previs\u00e3o com a densidade populacional, somos levados a pensar que o n\u00famero de mortes por raios no pr\u00f3ximo ver\u00e3o pode aumentar se n\u00e3o alertarmos adequadamente a popula\u00e7\u00e3o sobre os efeitos do El Ni\u00f1o\u201d, disse o coordenador do Elat, Osmar Pinto Junior.<\/p>\n<p>Os dados da Rede Brasileira de Detec\u00e7\u00e3o de Descargas Atmosf\u00e9ricas (BrasilDAT) do \u00faltimo trimestre (agosto, setembro e outubro), j\u00e1 sob o efeito do El Ni\u00f1o, confirmam essas tend\u00eancias. De acordo com o coordenador do Elat, o aumento preocupa e parece indicar que n\u00e3o s\u00f3 a ocorr\u00eancia de tempestades, como a intensidade delas, aumenta em decorr\u00eancia do fen\u00f4meno clim\u00e1tico.<\/p>\n<p>Da Ag\u00eancia Brasil<br \/>\nEdi\u00e7\u00e3o: Gra\u00e7a Adjuto<br \/>\n17\/11\/2015<\/p>\n","protected":false},"excerpt":{"rendered":"<p>Os efeitos do fen\u00f4meno El Ni\u00f1o s\u00e3o bastante conhecidos nas regi\u00f5es Sul, Norte e Nordeste do pa\u00eds, enquanto no Sudeste e no Centro-Oeste os efeitos s\u00e3o dif\u00edceis de serem previstos. O Grupo de Eletricidade Atmosf\u00e9rica (Elat), do Instituto Nacional de Pesquisas Espaciais (Inpe), divulgou pesquisa que mostra o impacto do El Ni\u00f1o sobre a ocorr\u00eancia [&hellip;]<\/p>\n","protected":false},"author":2,"featured_media":28409,"comment_status":"open","ping_status":"closed","sticky":false,"template":"","format":"standard","meta":{"tdm_status":"","tdm_grid_status":"","footnotes":""},"categories":[22],"tags":[],"class_list":{"0":"post-77633","1":"post","2":"type-post","3":"status-publish","4":"format-standard","5":"has-post-thumbnail","7":"category-brasil"},"_links":{"self":[{"href":"https:\/\/migracao.redenoticia.com.br\/noticia\/wp-json\/wp\/v2\/posts\/77633","targetHints":{"allow":["GET"]}}],"collection":[{"href":"https:\/\/migracao.redenoticia.com.br\/noticia\/wp-json\/wp\/v2\/posts"}],"about":[{"href":"https:\/\/migracao.redenoticia.com.br\/noticia\/wp-json\/wp\/v2\/types\/post"}],"author":[{"embeddable":true,"href":"https:\/\/migracao.redenoticia.com.br\/noticia\/wp-json\/wp\/v2\/users\/2"}],"replies":[{"embeddable":true,"href":"https:\/\/migracao.redenoticia.com.br\/noticia\/wp-json\/wp\/v2\/comments?post=77633"}],"version-history":[{"count":0,"href":"https:\/\/migracao.redenoticia.com.br\/noticia\/wp-json\/wp\/v2\/posts\/77633\/revisions"}],"wp:featuredmedia":[{"embeddable":true,"href":"https:\/\/migracao.redenoticia.com.br\/noticia\/wp-json\/wp\/v2\/media\/28409"}],"wp:attachment":[{"href":"https:\/\/migracao.redenoticia.com.br\/noticia\/wp-json\/wp\/v2\/media?parent=77633"}],"wp:term":[{"taxonomy":"category","embeddable":true,"href":"https:\/\/migracao.redenoticia.com.br\/noticia\/wp-json\/wp\/v2\/categories?post=77633"},{"taxonomy":"post_tag","embeddable":true,"href":"https:\/\/migracao.redenoticia.com.br\/noticia\/wp-json\/wp\/v2\/tags?post=77633"}],"curies":[{"name":"wp","href":"https:\/\/api.w.org\/{rel}","templated":true}]}}