{"id":77639,"date":"2015-11-17T15:31:38","date_gmt":"2015-11-17T17:31:38","guid":{"rendered":"http:\/\/www.redenoticia.com.br\/noticia\/?p=77639"},"modified":"2015-11-17T15:31:38","modified_gmt":"2015-11-17T17:31:38","slug":"setor-de-servicos-tem-queda-de-48-em-setembro-mostra-pesquisa-do-ibge","status":"publish","type":"post","link":"https:\/\/migracao.redenoticia.com.br\/noticia\/2015\/setor-de-servicos-tem-queda-de-48-em-setembro-mostra-pesquisa-do-ibge\/77639","title":{"rendered":"Setor de servi\u00e7os tem queda de 4,8% em setembro, mostra pesquisa do IBGE"},"content":{"rendered":"<p>O <em><strong>setor de servi\u00e7os<\/strong><\/em> do pa\u00eds recuou 4,8%, em setembro de 2015, em compara\u00e7\u00e3o a setembro de 2014, informou pesquisa do Instituto Brasileiro de Geografia e Estat\u00edstica (IBGE).<\/p>\n<p>Segundo o gerente da pesquisa do IBGE, Roberto Saldanha, os servi\u00e7os profissionais \u2013 que recuaram 8,1% &#8211; tiveram destaque no desempenho negativo dos servi\u00e7os.<\/p>\n<p>Saldanha acrescentou que, no \u00e2mbito dos servi\u00e7os, houve uma queda ainda mais preocupante: os servi\u00e7os t\u00e9cnicos profissionais, que ca\u00edram 16%. O gerente informou que esse baixo desempenho ocorreu em decorr\u00eancia da desmobiliza\u00e7\u00e3o de servi\u00e7os de engenharia, em setembro de 2015, envolvendo principalmente as \u00e1reas de petr\u00f3leo e g\u00e1s.<\/p>\n<p>Tamb\u00e9m contribuiu para a queda do setor o baixo desempenho dos servi\u00e7os administrativos, que ca\u00edram 5,3% no m\u00eas. Essa queda, segundo Saldanha, ocorreu em raz\u00e3o da baixa atividade das empresas de seguran\u00e7a e limpeza.<\/p>\n<p>A pesquisa mostra ainda que houve queda nos servi\u00e7os auxiliares de transportes e correios. Esse segmento caiu 6,4% em setembro, em decorr\u00eancia da retra\u00e7\u00e3o do transporte rodovi\u00e1rio de cargas. A retra\u00e7\u00e3o na \u00e1rea de transporte de carga foi originada, segundo o gerente do IBGE, pela baixa demanda da ind\u00fastria.<\/p>\n<p>Da Ag\u00eancia Brasil<br \/>\nEdi\u00e7\u00e3o: Jos\u00e9 Romildo<br \/>\n17\/11\/2015<\/p>\n","protected":false},"excerpt":{"rendered":"<p>O setor de servi\u00e7os do pa\u00eds recuou 4,8%, em setembro de 2015, em compara\u00e7\u00e3o a setembro de 2014, informou pesquisa do Instituto Brasileiro de Geografia e Estat\u00edstica (IBGE). Segundo o gerente da pesquisa do IBGE, Roberto Saldanha, os servi\u00e7os profissionais \u2013 que recuaram 8,1% &#8211; tiveram destaque no desempenho negativo dos servi\u00e7os. Saldanha acrescentou que, [&hellip;]<\/p>\n","protected":false},"author":2,"featured_media":38938,"comment_status":"open","ping_status":"closed","sticky":false,"template":"","format":"standard","meta":{"tdm_status":"","tdm_grid_status":"","footnotes":""},"categories":[22,7],"tags":[],"class_list":{"0":"post-77639","1":"post","2":"type-post","3":"status-publish","4":"format-standard","5":"has-post-thumbnail","7":"category-brasil","8":"category-economia"},"_links":{"self":[{"href":"https:\/\/migracao.redenoticia.com.br\/noticia\/wp-json\/wp\/v2\/posts\/77639","targetHints":{"allow":["GET"]}}],"collection":[{"href":"https:\/\/migracao.redenoticia.com.br\/noticia\/wp-json\/wp\/v2\/posts"}],"about":[{"href":"https:\/\/migracao.redenoticia.com.br\/noticia\/wp-json\/wp\/v2\/types\/post"}],"author":[{"embeddable":true,"href":"https:\/\/migracao.redenoticia.com.br\/noticia\/wp-json\/wp\/v2\/users\/2"}],"replies":[{"embeddable":true,"href":"https:\/\/migracao.redenoticia.com.br\/noticia\/wp-json\/wp\/v2\/comments?post=77639"}],"version-history":[{"count":0,"href":"https:\/\/migracao.redenoticia.com.br\/noticia\/wp-json\/wp\/v2\/posts\/77639\/revisions"}],"wp:featuredmedia":[{"embeddable":true,"href":"https:\/\/migracao.redenoticia.com.br\/noticia\/wp-json\/wp\/v2\/media\/38938"}],"wp:attachment":[{"href":"https:\/\/migracao.redenoticia.com.br\/noticia\/wp-json\/wp\/v2\/media?parent=77639"}],"wp:term":[{"taxonomy":"category","embeddable":true,"href":"https:\/\/migracao.redenoticia.com.br\/noticia\/wp-json\/wp\/v2\/categories?post=77639"},{"taxonomy":"post_tag","embeddable":true,"href":"https:\/\/migracao.redenoticia.com.br\/noticia\/wp-json\/wp\/v2\/tags?post=77639"}],"curies":[{"name":"wp","href":"https:\/\/api.w.org\/{rel}","templated":true}]}}