{"id":77674,"date":"2015-11-18T15:27:33","date_gmt":"2015-11-18T17:27:33","guid":{"rendered":"http:\/\/www.redenoticia.com.br\/noticia\/?p=77674"},"modified":"2015-11-18T15:27:33","modified_gmt":"2015-11-18T17:27:33","slug":"procon-sp-autua-31-dos-postos-de-combustiveis-por-venda-de-produtos-vencidos","status":"publish","type":"post","link":"https:\/\/migracao.redenoticia.com.br\/noticia\/2015\/procon-sp-autua-31-dos-postos-de-combustiveis-por-venda-de-produtos-vencidos\/77674","title":{"rendered":"Procon-SP autua 31% dos postos de combust\u00edveis por venda de produtos vencidos"},"content":{"rendered":"<p>Durante todo o ano, a funda\u00e7\u00e3o Procon-SP fiscaliza diariamente os <em><strong>postos de combust\u00edveis<\/strong><\/em> da capital, litoral e interior do estado de S\u00e3o Paulo. Dos 371 visitados, 31% foram autuados por conta de produtos vencidos.<\/p>\n<p>O grande volume dos produtos automotivos vencidos, em especial flu\u00eddo de freio, aditivos e \u00f3leos lubrificantes, s\u00e3o manuseados pelos frentistas, por conta disso os consumidores n\u00e3o observam o vencimento e pagam por um produto sem efici\u00eancia.<\/p>\n<p>De acordo com o engenheiro mec\u00e2nico e professor do departamento de engenharia mec\u00e2nica do Instituto Mau\u00e1, Celso Argachoy, \u00e9 importante respeitar o prazo de validade, em especial, \u00f3leos lubrificantes, flu\u00eddos de freio e aditivos que ap\u00f3s o vencimento passam a absorver a umidade e perdem suas caracter\u00edsticas.<\/p>\n<p>&#8220;Com a forma\u00e7\u00e3o das bolhas, a resposta do freio fica comprometida e o acionamento do pedal n\u00e3o ter\u00e1 a mesma resposta. O motorista ter\u00e1 que aplicar mais for\u00e7a, prejudicando tanto o tempo de resposta quanto no espa\u00e7o percorrido pelo ve\u00edculo at\u00e9 a frenagem total&#8221;, alerta.<\/p>\n<p>O risco \u00e9 ainda maior em descida de serras que necessitam do freios em condi\u00e7\u00f5es mais severas. O sistema superaquece, assim como o flu\u00eddo, h\u00e1 a possibilidade de vazamentos, forma\u00e7\u00e3o de mais bolhas e a perda da efici\u00eancia. A sobrecarga nas lonas de freio vai causar a sua vitrifica\u00e7\u00e3o, levando o ve\u00edculo a perda total do freio.<\/p>\n<p>Produtos automotivos vencidos que est\u00e3o estocados em locais \u00famidos: no n\u00edvel do mar ou pr\u00f3ximo a rios, t\u00eam mais chances de absorver a umidade do ambiente e causar\u00e1 mais riscos e preju\u00edzos ao sistema devido a sua caracter\u00edstica higrosc\u00f3pica.<\/p>\n<p>Do Portal do Governo do Estado SP<\/p>\n","protected":false},"excerpt":{"rendered":"<p>Durante todo o ano, a funda\u00e7\u00e3o Procon-SP fiscaliza diariamente os postos de combust\u00edveis da capital, litoral e interior do estado de S\u00e3o Paulo. Dos 371 visitados, 31% foram autuados por conta de produtos vencidos. O grande volume dos produtos automotivos vencidos, em especial flu\u00eddo de freio, aditivos e \u00f3leos lubrificantes, s\u00e3o manuseados pelos frentistas, por [&hellip;]<\/p>\n","protected":false},"author":2,"featured_media":34985,"comment_status":"open","ping_status":"closed","sticky":false,"template":"","format":"standard","meta":{"tdm_status":"","tdm_grid_status":"","footnotes":""},"categories":[22],"tags":[],"class_list":{"0":"post-77674","1":"post","2":"type-post","3":"status-publish","4":"format-standard","5":"has-post-thumbnail","7":"category-brasil"},"_links":{"self":[{"href":"https:\/\/migracao.redenoticia.com.br\/noticia\/wp-json\/wp\/v2\/posts\/77674","targetHints":{"allow":["GET"]}}],"collection":[{"href":"https:\/\/migracao.redenoticia.com.br\/noticia\/wp-json\/wp\/v2\/posts"}],"about":[{"href":"https:\/\/migracao.redenoticia.com.br\/noticia\/wp-json\/wp\/v2\/types\/post"}],"author":[{"embeddable":true,"href":"https:\/\/migracao.redenoticia.com.br\/noticia\/wp-json\/wp\/v2\/users\/2"}],"replies":[{"embeddable":true,"href":"https:\/\/migracao.redenoticia.com.br\/noticia\/wp-json\/wp\/v2\/comments?post=77674"}],"version-history":[{"count":0,"href":"https:\/\/migracao.redenoticia.com.br\/noticia\/wp-json\/wp\/v2\/posts\/77674\/revisions"}],"wp:featuredmedia":[{"embeddable":true,"href":"https:\/\/migracao.redenoticia.com.br\/noticia\/wp-json\/wp\/v2\/media\/34985"}],"wp:attachment":[{"href":"https:\/\/migracao.redenoticia.com.br\/noticia\/wp-json\/wp\/v2\/media?parent=77674"}],"wp:term":[{"taxonomy":"category","embeddable":true,"href":"https:\/\/migracao.redenoticia.com.br\/noticia\/wp-json\/wp\/v2\/categories?post=77674"},{"taxonomy":"post_tag","embeddable":true,"href":"https:\/\/migracao.redenoticia.com.br\/noticia\/wp-json\/wp\/v2\/tags?post=77674"}],"curies":[{"name":"wp","href":"https:\/\/api.w.org\/{rel}","templated":true}]}}