{"id":77679,"date":"2015-11-18T15:32:48","date_gmt":"2015-11-18T17:32:48","guid":{"rendered":"http:\/\/www.redenoticia.com.br\/noticia\/?p=77679"},"modified":"2015-11-18T15:32:48","modified_gmt":"2015-11-18T17:32:48","slug":"recuperacao-da-bacia-do-rio-doce-levara-pelo-menos-dez-anos","status":"publish","type":"post","link":"https:\/\/migracao.redenoticia.com.br\/noticia\/2015\/recuperacao-da-bacia-do-rio-doce-levara-pelo-menos-dez-anos\/77679","title":{"rendered":"Recupera\u00e7\u00e3o da Bacia do Rio Doce levar\u00e1 pelo menos dez anos"},"content":{"rendered":"<p>A ministra do Meio Ambiente, Izabella Teixeira, disse que o projeto de <em><strong>recupera\u00e7\u00e3o da Bacia do Rio Doce<\/strong><\/em> ser\u00e1 de longo prazo. \u201cQuando falo de longo prazo, \u00e9 um projeto de pelo menos uma d\u00e9cada\u201d. A ministra participou da reuni\u00e3o com a presidenta Dilma Rousseff e integrantes do comit\u00ea de gest\u00e3o e avalia\u00e7\u00e3o de respostas ao desastre causado pelo rompimento da barragem de rejeitos da mineradora Samarco, na regi\u00e3o de Mariana, em Minas Gerais.<\/p>\n<p>Izabella Teixeira falou tamb\u00e9m sobre o plano de recupera\u00e7\u00e3o da Bacia do Rio Doce anunciado, ap\u00f3s a reuni\u00e3o, pela presidenta Dilma Rousseff. Segundo a ministra, haver\u00e1 muito trabalho pela frente a ser feito e que o objetivo \u00e9 chamar todos as partes envolvidas para convergir numa proposta \u00fanica que n\u00e3o \u00e9 de curto prazo.<\/p>\n<p>\u201cO desastre \u00e9 enorme, \u00e9 uma cat\u00e1strofe, o pior desastre ambiental do pa\u00eds, e temos que tomar medidas inovadoras para resolver. A gente sabe que a parte de peixes, a fauna intocada, r\u00e9pteis, isso foi perdido. Os especialistas ter\u00e3o que dizer quanto tempo leva [a revitaliza\u00e7\u00e3o]. Al\u00e9m da recupera\u00e7\u00e3o de nascentes e uma s\u00e9rie de situa\u00e7\u00f5es estruturantes para a restaura\u00e7\u00e3o da qualidade ambiental na bacia\u201d, disse Izabella.<\/p>\n<p>Ana Cristina Campos &#8211; Rep\u00f3rter da Ag\u00eancia Brasil<br \/>\nEdi\u00e7\u00e3o: A\u00e9cio Amado<br \/>\n17\/11\/2015<\/p>\n","protected":false},"excerpt":{"rendered":"<p>A ministra do Meio Ambiente, Izabella Teixeira, disse que o projeto de recupera\u00e7\u00e3o da Bacia do Rio Doce ser\u00e1 de longo prazo. \u201cQuando falo de longo prazo, \u00e9 um projeto de pelo menos uma d\u00e9cada\u201d. A ministra participou da reuni\u00e3o com a presidenta Dilma Rousseff e integrantes do comit\u00ea de gest\u00e3o e avalia\u00e7\u00e3o de respostas [&hellip;]<\/p>\n","protected":false},"author":2,"featured_media":34905,"comment_status":"open","ping_status":"closed","sticky":false,"template":"","format":"standard","meta":{"tdm_status":"","tdm_grid_status":"","footnotes":""},"categories":[22],"tags":[],"class_list":{"0":"post-77679","1":"post","2":"type-post","3":"status-publish","4":"format-standard","5":"has-post-thumbnail","7":"category-brasil"},"_links":{"self":[{"href":"https:\/\/migracao.redenoticia.com.br\/noticia\/wp-json\/wp\/v2\/posts\/77679","targetHints":{"allow":["GET"]}}],"collection":[{"href":"https:\/\/migracao.redenoticia.com.br\/noticia\/wp-json\/wp\/v2\/posts"}],"about":[{"href":"https:\/\/migracao.redenoticia.com.br\/noticia\/wp-json\/wp\/v2\/types\/post"}],"author":[{"embeddable":true,"href":"https:\/\/migracao.redenoticia.com.br\/noticia\/wp-json\/wp\/v2\/users\/2"}],"replies":[{"embeddable":true,"href":"https:\/\/migracao.redenoticia.com.br\/noticia\/wp-json\/wp\/v2\/comments?post=77679"}],"version-history":[{"count":0,"href":"https:\/\/migracao.redenoticia.com.br\/noticia\/wp-json\/wp\/v2\/posts\/77679\/revisions"}],"wp:featuredmedia":[{"embeddable":true,"href":"https:\/\/migracao.redenoticia.com.br\/noticia\/wp-json\/wp\/v2\/media\/34905"}],"wp:attachment":[{"href":"https:\/\/migracao.redenoticia.com.br\/noticia\/wp-json\/wp\/v2\/media?parent=77679"}],"wp:term":[{"taxonomy":"category","embeddable":true,"href":"https:\/\/migracao.redenoticia.com.br\/noticia\/wp-json\/wp\/v2\/categories?post=77679"},{"taxonomy":"post_tag","embeddable":true,"href":"https:\/\/migracao.redenoticia.com.br\/noticia\/wp-json\/wp\/v2\/tags?post=77679"}],"curies":[{"name":"wp","href":"https:\/\/api.w.org\/{rel}","templated":true}]}}