{"id":77681,"date":"2015-11-18T15:34:44","date_gmt":"2015-11-18T17:34:44","guid":{"rendered":"http:\/\/www.redenoticia.com.br\/noticia\/?p=77681"},"modified":"2015-11-18T15:34:44","modified_gmt":"2015-11-18T17:34:44","slug":"plenario-do-congresso-nacional-mantem-veto-do-governo-ao-reajuste-do-judiciario","status":"publish","type":"post","link":"https:\/\/migracao.redenoticia.com.br\/noticia\/2015\/plenario-do-congresso-nacional-mantem-veto-do-governo-ao-reajuste-do-judiciario\/77681","title":{"rendered":"Plen\u00e1rio do Congresso Nacional mant\u00e9m veto do governo ao reajuste do Judici\u00e1rio"},"content":{"rendered":"<p>O plen\u00e1rio do Congresso Nacional (C\u00e2mara e Senado) decidiu manter o veto da presidenta Dilma Rousseff ao <em><strong>reajuste<\/strong><\/em> de at\u00e9 78% para servidores do Judici\u00e1rio, previsto no Projeto de Lei 7.920\/14. Segundo o governo, o reajuste causaria um impacto financeiro de R$ 27,5 bilh\u00f5es aos cofres p\u00fablicos nos pr\u00f3ximos quatro anos.<\/p>\n<p>Para derrubar o veto eram necess\u00e1rios 257 votos sim, mas os deputados favor\u00e1veis \u00e0 queda do despositivo s\u00f3 conseguiram 251, uma diferen\u00e7a de 6 votos, contra 132 dos que votaram a favor da manuten\u00e7\u00e3o do veto. Foram 11 absten\u00e7\u00f5es. Com o resultado, a mat\u00e9ria n\u00e3o precisou ser analisada pelos Senadores.<\/p>\n<p>Ap\u00f3s o resultado, servidores do Judici\u00e1rio que ocupavam as galerias se manifestaram contra a decis\u00e3o do plen\u00e1rio. Eles gritaram palavras de ordem contra a manuten\u00e7\u00e3o do veto, como \u201csem reajuste n\u00e3o vai ter elei\u00e7\u00e3o\u201d, uma refer\u00eancia a uma poss\u00edvel greve no Judici\u00e1rio no pr\u00f3ximo ano, de elei\u00e7\u00f5es municipais.<\/p>\n<p>Da Ag\u00eancia Brasil e Ag\u00eancia C\u00e2mara<br \/>\nEdi\u00e7\u00e3o: A\u00e9cio Amado<br \/>\n17\/11\/2015<\/p>\n","protected":false},"excerpt":{"rendered":"<p>O plen\u00e1rio do Congresso Nacional (C\u00e2mara e Senado) decidiu manter o veto da presidenta Dilma Rousseff ao reajuste de at\u00e9 78% para servidores do Judici\u00e1rio, previsto no Projeto de Lei 7.920\/14. Segundo o governo, o reajuste causaria um impacto financeiro de R$ 27,5 bilh\u00f5es aos cofres p\u00fablicos nos pr\u00f3ximos quatro anos. Para derrubar o veto [&hellip;]<\/p>\n","protected":false},"author":2,"featured_media":57584,"comment_status":"open","ping_status":"closed","sticky":false,"template":"","format":"standard","meta":{"tdm_status":"","tdm_grid_status":"","footnotes":""},"categories":[22],"tags":[],"class_list":{"0":"post-77681","1":"post","2":"type-post","3":"status-publish","4":"format-standard","5":"has-post-thumbnail","7":"category-brasil"},"_links":{"self":[{"href":"https:\/\/migracao.redenoticia.com.br\/noticia\/wp-json\/wp\/v2\/posts\/77681","targetHints":{"allow":["GET"]}}],"collection":[{"href":"https:\/\/migracao.redenoticia.com.br\/noticia\/wp-json\/wp\/v2\/posts"}],"about":[{"href":"https:\/\/migracao.redenoticia.com.br\/noticia\/wp-json\/wp\/v2\/types\/post"}],"author":[{"embeddable":true,"href":"https:\/\/migracao.redenoticia.com.br\/noticia\/wp-json\/wp\/v2\/users\/2"}],"replies":[{"embeddable":true,"href":"https:\/\/migracao.redenoticia.com.br\/noticia\/wp-json\/wp\/v2\/comments?post=77681"}],"version-history":[{"count":0,"href":"https:\/\/migracao.redenoticia.com.br\/noticia\/wp-json\/wp\/v2\/posts\/77681\/revisions"}],"wp:featuredmedia":[{"embeddable":true,"href":"https:\/\/migracao.redenoticia.com.br\/noticia\/wp-json\/wp\/v2\/media\/57584"}],"wp:attachment":[{"href":"https:\/\/migracao.redenoticia.com.br\/noticia\/wp-json\/wp\/v2\/media?parent=77681"}],"wp:term":[{"taxonomy":"category","embeddable":true,"href":"https:\/\/migracao.redenoticia.com.br\/noticia\/wp-json\/wp\/v2\/categories?post=77681"},{"taxonomy":"post_tag","embeddable":true,"href":"https:\/\/migracao.redenoticia.com.br\/noticia\/wp-json\/wp\/v2\/tags?post=77681"}],"curies":[{"name":"wp","href":"https:\/\/api.w.org\/{rel}","templated":true}]}}