{"id":77683,"date":"2015-11-18T15:36:03","date_gmt":"2015-11-18T17:36:03","guid":{"rendered":"http:\/\/www.redenoticia.com.br\/noticia\/?p=77683"},"modified":"2015-11-18T15:36:03","modified_gmt":"2015-11-18T17:36:03","slug":"clientes-da-unimed-paulistana-tem-mais-60-dias-para-mudar-de-plano","status":"publish","type":"post","link":"https:\/\/migracao.redenoticia.com.br\/noticia\/2015\/clientes-da-unimed-paulistana-tem-mais-60-dias-para-mudar-de-plano\/77683","title":{"rendered":"Clientes da Unimed Paulistana tem mais 60 dias para mudar de plano"},"content":{"rendered":"<p>A Ag\u00eancia Nacional de Sa\u00fade Suplementar (ANS) prorrogou por mais 60 dias o prazo para os clientes da Unimed Paulistana fazerem a portabilidade extraordin\u00e1ria para outros <em><strong>planos de sa\u00fade<\/strong><\/em>. A medida, publicada no Di\u00e1rio Oficial da Uni\u00e3o, estende ainda a portabilidade para todos os tipos de contrato da operadora (planos individuais\/familiares, coletivos empresariais com at\u00e9 30 benefici\u00e1rios ou mais e coletivos por ades\u00e3o).<\/p>\n<p>Na portabilidade extraordin\u00e1ria, os usu\u00e1rios podem contratar outro plano de sa\u00fade sem ter de cumprir car\u00eancias, independentemente do tipo de contrata\u00e7\u00e3o e da data de assinatura dos contratos. Tamb\u00e9m podem escolher entre as op\u00e7\u00f5es dispon\u00edveis no Sistema Unimed por meio do Termo de Ajustamento de Conduta (TAC), anunciado em setembro.<\/p>\n<p>Para mudar de plano, o benefici\u00e1rio deve apresentar os seguintes documentos: comprovante de pagamento de quatro boletos da Unimed Paulistana referentes aos \u00faltimos seis meses, cart\u00e3o da Unimed Paulistana, identidade, CPF, comprovante de resid\u00eancia e o termo de ajustamento.<\/p>\n<p>Mais informa\u00e7\u00f5es tamb\u00e9m podem ser obtidas pelo portal da  ou pelo Disque ANS: 0800 701 9656.<\/p>\n<p>Em setembro, a ANS determinou que a Unimed Paulistana repassasse toda a carteira de clientes (740 mil) para outras operadoras ap\u00f3s a operadora apresentar problemas financeiros. No balan\u00e7o de 2014, a Unimed Paulistana apresentou preju\u00edzo de R$ 275 milh\u00f5es e patrim\u00f4nio l\u00edquido negativo de R$ 169 milh\u00f5es. Como os problemas administrativos e financeiros n\u00e3o foram solucionados, a ANS decidiu pela transfer\u00eancia de todos os benefici\u00e1rios da operadora. A empresa que assumir os contratos ter\u00e1 de apresentar situa\u00e7\u00e3o financeira adequada para manter as condi\u00e7\u00f5es acordadas com os clientes da Unimed. At\u00e9 a transfer\u00eancia, a Unimed tem a obriga\u00e7\u00e3o de continuar atendendo os benefici\u00e1rios. Os consumidores devem manter os pagamentos em dia, de modo a garantir os direitos de migra\u00e7\u00e3o para a nova operadora.<\/p>\n<p>Da Ag\u00eancia Brasil<br \/>\nEdi\u00e7\u00e3o: Carolina Pimentel<br \/>\n17\/11\/2015<\/p>\n","protected":false},"excerpt":{"rendered":"<p>A Ag\u00eancia Nacional de Sa\u00fade Suplementar (ANS) prorrogou por mais 60 dias o prazo para os clientes da Unimed Paulistana fazerem a portabilidade extraordin\u00e1ria para outros planos de sa\u00fade. A medida, publicada no Di\u00e1rio Oficial da Uni\u00e3o, estende ainda a portabilidade para todos os tipos de contrato da operadora (planos individuais\/familiares, coletivos empresariais com at\u00e9 [&hellip;]<\/p>\n","protected":false},"author":2,"featured_media":37376,"comment_status":"open","ping_status":"closed","sticky":false,"template":"","format":"standard","meta":{"tdm_status":"","tdm_grid_status":"","footnotes":""},"categories":[22],"tags":[],"class_list":{"0":"post-77683","1":"post","2":"type-post","3":"status-publish","4":"format-standard","5":"has-post-thumbnail","7":"category-brasil"},"_links":{"self":[{"href":"https:\/\/migracao.redenoticia.com.br\/noticia\/wp-json\/wp\/v2\/posts\/77683","targetHints":{"allow":["GET"]}}],"collection":[{"href":"https:\/\/migracao.redenoticia.com.br\/noticia\/wp-json\/wp\/v2\/posts"}],"about":[{"href":"https:\/\/migracao.redenoticia.com.br\/noticia\/wp-json\/wp\/v2\/types\/post"}],"author":[{"embeddable":true,"href":"https:\/\/migracao.redenoticia.com.br\/noticia\/wp-json\/wp\/v2\/users\/2"}],"replies":[{"embeddable":true,"href":"https:\/\/migracao.redenoticia.com.br\/noticia\/wp-json\/wp\/v2\/comments?post=77683"}],"version-history":[{"count":0,"href":"https:\/\/migracao.redenoticia.com.br\/noticia\/wp-json\/wp\/v2\/posts\/77683\/revisions"}],"wp:featuredmedia":[{"embeddable":true,"href":"https:\/\/migracao.redenoticia.com.br\/noticia\/wp-json\/wp\/v2\/media\/37376"}],"wp:attachment":[{"href":"https:\/\/migracao.redenoticia.com.br\/noticia\/wp-json\/wp\/v2\/media?parent=77683"}],"wp:term":[{"taxonomy":"category","embeddable":true,"href":"https:\/\/migracao.redenoticia.com.br\/noticia\/wp-json\/wp\/v2\/categories?post=77683"},{"taxonomy":"post_tag","embeddable":true,"href":"https:\/\/migracao.redenoticia.com.br\/noticia\/wp-json\/wp\/v2\/tags?post=77683"}],"curies":[{"name":"wp","href":"https:\/\/api.w.org\/{rel}","templated":true}]}}