{"id":77685,"date":"2015-11-18T15:37:29","date_gmt":"2015-11-18T17:37:29","guid":{"rendered":"http:\/\/www.redenoticia.com.br\/noticia\/?p=77685"},"modified":"2015-11-18T15:37:29","modified_gmt":"2015-11-18T17:37:29","slug":"arrecadacao-federal-e-a-menor-para-outubro-desde-2009","status":"publish","type":"post","link":"https:\/\/migracao.redenoticia.com.br\/noticia\/2015\/arrecadacao-federal-e-a-menor-para-outubro-desde-2009\/77685","title":{"rendered":"Arrecada\u00e7\u00e3o federal \u00e9 a menor para outubro desde 2009"},"content":{"rendered":"<p>Com a atividade econ\u00f4mica fraca, a <em><strong>arrecada\u00e7\u00e3o de impostos<\/strong><\/em> e de contribui\u00e7\u00f5es federais continua a cair. Em outubro, a arrecada\u00e7\u00e3o ficou em R$ 103,53 bilh\u00f5es, informou a Receita Federal. \u00c9 o menor valor para o m\u00eas desde 2009.<\/p>\n<p>Na compara\u00e7\u00e3o com outubro de 2014, houve queda de 11,33%, descontada a infla\u00e7\u00e3o oficial, medida pelo \u00cdndice Nacional de Pre\u00e7os ao Consumidor Amplo (IPCA).<\/p>\n<p>No acumulado do ano, a arrecada\u00e7\u00e3o soma R$ 1,004 trilh\u00e3o \u2013 uma redu\u00e7\u00e3o real de 4,54% sobre igual per\u00edodo do ano passado. O n\u00famero representa a menor arrecada\u00e7\u00e3o para o acumulado de janeiro a outubro desde 2010, de acordo com o Fisco.<\/p>\n<p>Segundo a Receita Federal, a queda na arrecada\u00e7\u00e3o do Imposto de Renda da Pessoa Jur\u00eddica (IRPJ) e da Contribui\u00e7\u00e3o Social Sobre o Lucro L\u00edquido (CSLL) foi um dos principais fatores que explicam a baixa arrecada\u00e7\u00e3o.<\/p>\n<p>O recolhimento com IRPJ e CSLL somou R$ 18,098 bilh\u00f5es em outubro, recuando 14,79% sobre 2014. No acumulado do ano, o total recolhido com esses dois impostos somou R$ 159,581 bilh\u00f5es \u2013 queda de 12,69% na mesma compara\u00e7\u00e3o.<\/p>\n<p>Tamb\u00e9m houve redu\u00e7\u00e3o na arrecada\u00e7\u00e3o do PIS\/Cofins. Segundo a Receita, o recolhimento do imposto foi R$ 21,356 bilh\u00f5es em outubro, 10,03% a menos que o ano passado. A receita previdenci\u00e1ria somou R$ 29,008 bilh\u00f5es, com retra\u00e7\u00e3o de 9,48%.<\/p>\n<p>Da Ag\u00eancia Brasil<br \/>\nEdi\u00e7\u00e3o: F\u00e1bio Massalli<br \/>\n17\/11\/2015<\/p>\n","protected":false},"excerpt":{"rendered":"<p>Com a atividade econ\u00f4mica fraca, a arrecada\u00e7\u00e3o de impostos e de contribui\u00e7\u00f5es federais continua a cair. Em outubro, a arrecada\u00e7\u00e3o ficou em R$ 103,53 bilh\u00f5es, informou a Receita Federal. \u00c9 o menor valor para o m\u00eas desde 2009. Na compara\u00e7\u00e3o com outubro de 2014, houve queda de 11,33%, descontada a infla\u00e7\u00e3o oficial, medida pelo \u00cdndice [&hellip;]<\/p>\n","protected":false},"author":2,"featured_media":40734,"comment_status":"open","ping_status":"closed","sticky":false,"template":"","format":"standard","meta":{"tdm_status":"","tdm_grid_status":"","footnotes":""},"categories":[22,7],"tags":[],"class_list":{"0":"post-77685","1":"post","2":"type-post","3":"status-publish","4":"format-standard","5":"has-post-thumbnail","7":"category-brasil","8":"category-economia"},"_links":{"self":[{"href":"https:\/\/migracao.redenoticia.com.br\/noticia\/wp-json\/wp\/v2\/posts\/77685","targetHints":{"allow":["GET"]}}],"collection":[{"href":"https:\/\/migracao.redenoticia.com.br\/noticia\/wp-json\/wp\/v2\/posts"}],"about":[{"href":"https:\/\/migracao.redenoticia.com.br\/noticia\/wp-json\/wp\/v2\/types\/post"}],"author":[{"embeddable":true,"href":"https:\/\/migracao.redenoticia.com.br\/noticia\/wp-json\/wp\/v2\/users\/2"}],"replies":[{"embeddable":true,"href":"https:\/\/migracao.redenoticia.com.br\/noticia\/wp-json\/wp\/v2\/comments?post=77685"}],"version-history":[{"count":0,"href":"https:\/\/migracao.redenoticia.com.br\/noticia\/wp-json\/wp\/v2\/posts\/77685\/revisions"}],"wp:featuredmedia":[{"embeddable":true,"href":"https:\/\/migracao.redenoticia.com.br\/noticia\/wp-json\/wp\/v2\/media\/40734"}],"wp:attachment":[{"href":"https:\/\/migracao.redenoticia.com.br\/noticia\/wp-json\/wp\/v2\/media?parent=77685"}],"wp:term":[{"taxonomy":"category","embeddable":true,"href":"https:\/\/migracao.redenoticia.com.br\/noticia\/wp-json\/wp\/v2\/categories?post=77685"},{"taxonomy":"post_tag","embeddable":true,"href":"https:\/\/migracao.redenoticia.com.br\/noticia\/wp-json\/wp\/v2\/tags?post=77685"}],"curies":[{"name":"wp","href":"https:\/\/api.w.org\/{rel}","templated":true}]}}