{"id":77738,"date":"2015-11-19T18:02:55","date_gmt":"2015-11-19T20:02:55","guid":{"rendered":"http:\/\/www.redenoticia.com.br\/noticia\/?p=77738"},"modified":"2015-11-19T18:02:55","modified_gmt":"2015-11-19T20:02:55","slug":"fapesp-firma-parceria-com-universidade-da-suecia","status":"publish","type":"post","link":"https:\/\/migracao.redenoticia.com.br\/noticia\/2015\/fapesp-firma-parceria-com-universidade-da-suecia\/77738","title":{"rendered":"FAPESP firma parceria com universidade da Su\u00e9cia"},"content":{"rendered":"<p>Ag\u00eancia FAPESP \u2013 Representantes da Universidade de Halmstad, da Su\u00e9cia, estiveram na sede da FAPESP na quinta-feira (12\/11), quando firmaram com a Funda\u00e7\u00e3o um <strong><em>acordo de coopera\u00e7\u00e3o para a pesquisa<\/em><\/strong>, que prev\u00ea apoio conjunto a projetos em temas de interesse comum, em todas as \u00e1reas do conhecimento.<\/p>\n<p>Thorsteinn R\u00f6gnvaldsson, pr\u00f3-reitor de Halmstad, acompanhado pela brasileira Alessandra Padilha, assessora jur\u00eddica do departamento de apoio estrat\u00e9gico da universidade, foram recebidos por Jos\u00e9 Goldemberg, presidente da FAPESP, Carlos Henrique de Brito Cruz, diretor cient\u00edfico da Funda\u00e7\u00e3o, Marilda Bottesi, assessora especial da diretoria cient\u00edfica, e Carlos Eduardo Lins da Silva, assessor da presid\u00eancia para Comunica\u00e7\u00e3o.<\/p>\n<p>As principais a\u00e7\u00f5es de Halmstad foram apresentadas pelo pr\u00f3-reitor, que ressaltou a atua\u00e7\u00e3o da universidade nas \u00e1reas de inova\u00e7\u00e3o em sa\u00fade e tecnologia da informa\u00e7\u00e3o.<\/p>\n<p>\u201cTemos boas conex\u00f5es com o Brasil na \u00e1rea educacional. Alunos de p\u00f3s-gradua\u00e7\u00e3o passam per\u00edodos de estudo na universidade. Buscamos, com esse acordo, ampliar essa intera\u00e7\u00e3o tamb\u00e9m na pesquisa\u201d, disse R\u00f6gnvaldsson, observando que a troca de experi\u00eancias entre alunos, professores e pesquisadores tem se intensificado em Halmstad.<\/p>\n<p>Brito Cruz tamb\u00e9m destacou aos representantes da universidade sueca o papel dos acordos internacionais mantidos pela FAPESP.<\/p>\n<p>\u201cOs acordos mantidos pela Funda\u00e7\u00e3o permitem n\u00e3o apenas gerar intera\u00e7\u00e3o entre pesquisadores, mas ajudam a obter resultados qualificados em suas pesquisas\u201d, disse, afirmando ter expectativa de que a colabora\u00e7\u00e3o entre pesquisadores em S\u00e3o Paulo e Halmstad seja bastante satisfat\u00f3ria.<\/p>\n<p>Fundada em 1983, na prov\u00edncia de Halland, litoral da Su\u00e9cia, a Universidade Halmstad \u00e9 uma institui\u00e7\u00e3o independente de ensino e pesquisa, que oferece 40 programas de gradua\u00e7\u00e3o e 200 cursos em diferentes \u00e1reas, com abordagem interdisciplinar e foco em inova\u00e7\u00e3o.<\/p>\n<p>A universidade busca dar \u00eanfase \u00e0 inova\u00e7\u00e3o em suas pesquisas, com destaque para as \u00e1reas de Inova\u00e7\u00e3o em Ci\u00eancia, Tecnologia da Informa\u00e7\u00e3o e Sa\u00fade e Estilo de Vida, bem como ao grande n\u00famero de alunos estrangeiros e \u00e0s parcerias internacionais que mant\u00e9m, a exemplo da crescente coopera\u00e7\u00e3o existente com o Brasil, de acordo com R\u00f6gnvaldsson.<\/p>\n<p>Nesse sentido, o pr\u00f3-reitor demonstrou interesse por outros programas de pesquisa mantidos pela Funda\u00e7\u00e3o, como o Programa de Pesquisa para o SUS (PPSUS), no que diz respeito ao desenvolvimento de tecnologias e sistemas para Inova\u00e7\u00e3o em Sa\u00fade, uma das \u00e1reas de destaque da Universidade de Halmstad.<\/p>\n<p>O acordo de coopera\u00e7\u00e3o para pesquisa entre a FAPESP e Halmstad prev\u00ea tamb\u00e9m apoio \u00e0 organiza\u00e7\u00e3o de semin\u00e1rios, workshops, simp\u00f3sios e reuni\u00f5es cient\u00edficas de interesse m\u00fatuo, bem como \u00e0s atividades de interc\u00e2mbio com a finalidade de preparar a elabora\u00e7\u00e3o de projetos de pesquisa conjunta.<\/p>\n<p>Atualmente, a FAPESP possui acordos de coopera\u00e7\u00e3o com outras duas universidades da Su\u00e9cia, a  e a , ambos firmados em 2015.<\/p>\n","protected":false},"excerpt":{"rendered":"<p>Ag\u00eancia FAPESP \u2013 Representantes da Universidade de Halmstad, da Su\u00e9cia, estiveram na sede da FAPESP na quinta-feira (12\/11), quando firmaram com a Funda\u00e7\u00e3o um acordo de coopera\u00e7\u00e3o para a pesquisa, que prev\u00ea apoio conjunto a projetos em temas de interesse comum, em todas as \u00e1reas do conhecimento. Thorsteinn R\u00f6gnvaldsson, pr\u00f3-reitor de Halmstad, acompanhado pela brasileira [&hellip;]<\/p>\n","protected":false},"author":2,"featured_media":57576,"comment_status":"open","ping_status":"closed","sticky":false,"template":"","format":"standard","meta":{"tdm_status":"","tdm_grid_status":"","footnotes":""},"categories":[22],"tags":[],"class_list":{"0":"post-77738","1":"post","2":"type-post","3":"status-publish","4":"format-standard","5":"has-post-thumbnail","7":"category-brasil"},"_links":{"self":[{"href":"https:\/\/migracao.redenoticia.com.br\/noticia\/wp-json\/wp\/v2\/posts\/77738","targetHints":{"allow":["GET"]}}],"collection":[{"href":"https:\/\/migracao.redenoticia.com.br\/noticia\/wp-json\/wp\/v2\/posts"}],"about":[{"href":"https:\/\/migracao.redenoticia.com.br\/noticia\/wp-json\/wp\/v2\/types\/post"}],"author":[{"embeddable":true,"href":"https:\/\/migracao.redenoticia.com.br\/noticia\/wp-json\/wp\/v2\/users\/2"}],"replies":[{"embeddable":true,"href":"https:\/\/migracao.redenoticia.com.br\/noticia\/wp-json\/wp\/v2\/comments?post=77738"}],"version-history":[{"count":0,"href":"https:\/\/migracao.redenoticia.com.br\/noticia\/wp-json\/wp\/v2\/posts\/77738\/revisions"}],"wp:featuredmedia":[{"embeddable":true,"href":"https:\/\/migracao.redenoticia.com.br\/noticia\/wp-json\/wp\/v2\/media\/57576"}],"wp:attachment":[{"href":"https:\/\/migracao.redenoticia.com.br\/noticia\/wp-json\/wp\/v2\/media?parent=77738"}],"wp:term":[{"taxonomy":"category","embeddable":true,"href":"https:\/\/migracao.redenoticia.com.br\/noticia\/wp-json\/wp\/v2\/categories?post=77738"},{"taxonomy":"post_tag","embeddable":true,"href":"https:\/\/migracao.redenoticia.com.br\/noticia\/wp-json\/wp\/v2\/tags?post=77738"}],"curies":[{"name":"wp","href":"https:\/\/api.w.org\/{rel}","templated":true}]}}