{"id":77742,"date":"2015-11-19T18:10:51","date_gmt":"2015-11-19T20:10:51","guid":{"rendered":"http:\/\/www.redenoticia.com.br\/noticia\/?p=77742"},"modified":"2015-11-19T18:10:51","modified_gmt":"2015-11-19T20:10:51","slug":"usp-em-bauru-seleciona-pacientes-para-tratamento-ortodontico","status":"publish","type":"post","link":"https:\/\/migracao.redenoticia.com.br\/noticia\/2015\/usp-em-bauru-seleciona-pacientes-para-tratamento-ortodontico\/77742","title":{"rendered":"USP, em Bauru, seleciona pacientes para tratamento ortod\u00f4ntico"},"content":{"rendered":"<p>A Disciplina de Ortodontia da Faculdade de Odontologia de Bauru (FOB) da USP, em Bauru, est\u00e1 selecionando pacientes para <strong><em>tratamento ortod\u00f4ntico<\/em><\/strong> (aparelho dent\u00e1rio), na faixa et\u00e1ria de 12 a 16 anos de idade.<\/p>\n<p>Quem pode participar<br \/>\nSer\u00e3o selecionados casos que apresentam m\u00e1 oclus\u00e3o (m\u00e1 rela\u00e7\u00e3o entre a maxila e a mand\u00edbula, quando n\u00e3o h\u00e1 um encaixe perfeito entre as arcadas dent\u00e1rias) com finalidade did\u00e1tica.<\/p>\n<p>Como participar<br \/>\nOs interessados dever\u00e3o comparecer \u00e0 cl\u00ednica de ortodontia da FOB para realiza\u00e7\u00e3o de exame cl\u00ednico nos seguintes dias e hor\u00e1rios: 18 de novembro, das 8 \u00e0s 10h30 e das 14h30 \u00e0s 17 horas; 19 de novembro das 8 \u00e0s 10h30; 27 de novembro, das 8 \u00e0s 10h30 e no dia 27 de novembro das 14h30 \u00e0s 17 horas.<\/p>\n<p>SERVI\u00c7O<br \/>\nSele\u00e7\u00e3o de pacientes para tratamento ortod\u00f4ntico na USP &#8211; FOB de Bauru<br \/>\nDia e hor\u00e1rio da sele\u00e7\u00e3o: 27 de novembro das 14h30 \u00e0s 17 horas<br \/>\nLocal: FOB<br \/>\nEndere\u00e7o: Alameda Doutor\u00a0Oct\u00e1vio Pinheiro Brisolla, 9-75, Vila Universit\u00e1ria, em Bauru\/SP<\/p>\n<p>Do Portal do Governo do Estado SP<\/p>\n","protected":false},"excerpt":{"rendered":"<p>A Disciplina de Ortodontia da Faculdade de Odontologia de Bauru (FOB) da USP, em Bauru, est\u00e1 selecionando pacientes para tratamento ortod\u00f4ntico (aparelho dent\u00e1rio), na faixa et\u00e1ria de 12 a 16 anos de idade. Quem pode participar Ser\u00e3o selecionados casos que apresentam m\u00e1 oclus\u00e3o (m\u00e1 rela\u00e7\u00e3o entre a maxila e a mand\u00edbula, quando n\u00e3o h\u00e1 um [&hellip;]<\/p>\n","protected":false},"author":2,"featured_media":28951,"comment_status":"open","ping_status":"closed","sticky":false,"template":"","format":"standard","meta":{"tdm_status":"","tdm_grid_status":"","footnotes":""},"categories":[22,5],"tags":[],"class_list":{"0":"post-77742","1":"post","2":"type-post","3":"status-publish","4":"format-standard","5":"has-post-thumbnail","7":"category-brasil","8":"category-saude-e-vida"},"_links":{"self":[{"href":"https:\/\/migracao.redenoticia.com.br\/noticia\/wp-json\/wp\/v2\/posts\/77742","targetHints":{"allow":["GET"]}}],"collection":[{"href":"https:\/\/migracao.redenoticia.com.br\/noticia\/wp-json\/wp\/v2\/posts"}],"about":[{"href":"https:\/\/migracao.redenoticia.com.br\/noticia\/wp-json\/wp\/v2\/types\/post"}],"author":[{"embeddable":true,"href":"https:\/\/migracao.redenoticia.com.br\/noticia\/wp-json\/wp\/v2\/users\/2"}],"replies":[{"embeddable":true,"href":"https:\/\/migracao.redenoticia.com.br\/noticia\/wp-json\/wp\/v2\/comments?post=77742"}],"version-history":[{"count":0,"href":"https:\/\/migracao.redenoticia.com.br\/noticia\/wp-json\/wp\/v2\/posts\/77742\/revisions"}],"wp:featuredmedia":[{"embeddable":true,"href":"https:\/\/migracao.redenoticia.com.br\/noticia\/wp-json\/wp\/v2\/media\/28951"}],"wp:attachment":[{"href":"https:\/\/migracao.redenoticia.com.br\/noticia\/wp-json\/wp\/v2\/media?parent=77742"}],"wp:term":[{"taxonomy":"category","embeddable":true,"href":"https:\/\/migracao.redenoticia.com.br\/noticia\/wp-json\/wp\/v2\/categories?post=77742"},{"taxonomy":"post_tag","embeddable":true,"href":"https:\/\/migracao.redenoticia.com.br\/noticia\/wp-json\/wp\/v2\/tags?post=77742"}],"curies":[{"name":"wp","href":"https:\/\/api.w.org\/{rel}","templated":true}]}}