{"id":77744,"date":"2015-11-19T18:12:44","date_gmt":"2015-11-19T20:12:44","guid":{"rendered":"http:\/\/www.redenoticia.com.br\/noticia\/?p=77744"},"modified":"2015-11-19T18:12:44","modified_gmt":"2015-11-19T20:12:44","slug":"primeiro-ministro-frances-alerta-sobre-possivel-ataque-quimico","status":"publish","type":"post","link":"https:\/\/migracao.redenoticia.com.br\/noticia\/2015\/primeiro-ministro-frances-alerta-sobre-possivel-ataque-quimico\/77744","title":{"rendered":"Primeiro-ministro franc\u00eas alerta sobre poss\u00edvel ataque qu\u00edmico"},"content":{"rendered":"<p>O primeiro-ministro franc\u00eas, Manuel Valls, alertou para o <strong><em>perigo de um ataque na Fran\u00e7a<\/em><\/strong> com &#8220;armas qu\u00edmicas ou biol\u00f3gicas&#8221;. O Parlamento est\u00e1 debatendo a extens\u00e3o do estado de emerg\u00eancia.<\/p>\n<p>&#8220;N\u00e3o podemos excluir nada&#8221;, afirmou. &#8220;Tamb\u00e9m existe o risco de (um ataque com) armas qu\u00edmicas ou biol\u00f3gicas&#8221;, acrescentou.<\/p>\n<p>\u00c0 medida que a investiga\u00e7\u00e3o sobre os atentados de Paris, reivindicados pelo grupo extremista Estado Isl\u00e2mico (EI), se estende a v\u00e1rios pa\u00edses europeus, Valls pediu \u00e0 Uni\u00e3o Europeia (UE) para adotar urgentmente medidas que permitam acesso e partilha de dados sobre passageiros de companhias a\u00e9reas.<\/p>\n<p>&#8220;Mais que nunca, \u00e9 tempo de a Europa adotar [as medidas] para garantir que se possa seguir os movimentos [de suspeitos], incluindo dentro da uni\u00e3o. \u00c9 uma condi\u00e7\u00e3o para a nossa seguran\u00e7a coletiva&#8221;, afirmou.<\/p>\n<p>Entretanto, a pol\u00edcia francesa foi autorizada a estar armada mesmo fora de servi\u00e7o, de acordo com norma do comando policial, divulgada hoje.<\/p>\n<p>Os agentes est\u00e3o autorizados a usar armas no caso de um atentado terrorista, desde que usem uma identifica\u00e7\u00e3o no bra\u00e7o para evitar &#8220;qualquer confus\u00e3o&#8221;, indica a norma a que a ag\u00eancia noticiosa francesa AFP teve acesso.<\/p>\n<p>Pelo menos 129 pessoas foram mortas em atentados suicidas em Paris, na sexta-feira, que visaram atingir uma sala de espet\u00e1culos, bares, restaurantes e o Est\u00e1dio de Fran\u00e7a.<\/p>\n<p>Da Ag\u00eancia Lusa<br \/>\nAg\u00eancia Brasil<\/p>\n","protected":false},"excerpt":{"rendered":"<p>O primeiro-ministro franc\u00eas, Manuel Valls, alertou para o perigo de um ataque na Fran\u00e7a com &#8220;armas qu\u00edmicas ou biol\u00f3gicas&#8221;. O Parlamento est\u00e1 debatendo a extens\u00e3o do estado de emerg\u00eancia. &#8220;N\u00e3o podemos excluir nada&#8221;, afirmou. &#8220;Tamb\u00e9m existe o risco de (um ataque com) armas qu\u00edmicas ou biol\u00f3gicas&#8221;, acrescentou. \u00c0 medida que a investiga\u00e7\u00e3o sobre os atentados [&hellip;]<\/p>\n","protected":false},"author":2,"featured_media":0,"comment_status":"open","ping_status":"closed","sticky":false,"template":"","format":"standard","meta":{"tdm_status":"","tdm_grid_status":"","footnotes":""},"categories":[22],"tags":[],"class_list":{"0":"post-77744","1":"post","2":"type-post","3":"status-publish","4":"format-standard","6":"category-brasil"},"_links":{"self":[{"href":"https:\/\/migracao.redenoticia.com.br\/noticia\/wp-json\/wp\/v2\/posts\/77744","targetHints":{"allow":["GET"]}}],"collection":[{"href":"https:\/\/migracao.redenoticia.com.br\/noticia\/wp-json\/wp\/v2\/posts"}],"about":[{"href":"https:\/\/migracao.redenoticia.com.br\/noticia\/wp-json\/wp\/v2\/types\/post"}],"author":[{"embeddable":true,"href":"https:\/\/migracao.redenoticia.com.br\/noticia\/wp-json\/wp\/v2\/users\/2"}],"replies":[{"embeddable":true,"href":"https:\/\/migracao.redenoticia.com.br\/noticia\/wp-json\/wp\/v2\/comments?post=77744"}],"version-history":[{"count":0,"href":"https:\/\/migracao.redenoticia.com.br\/noticia\/wp-json\/wp\/v2\/posts\/77744\/revisions"}],"wp:attachment":[{"href":"https:\/\/migracao.redenoticia.com.br\/noticia\/wp-json\/wp\/v2\/media?parent=77744"}],"wp:term":[{"taxonomy":"category","embeddable":true,"href":"https:\/\/migracao.redenoticia.com.br\/noticia\/wp-json\/wp\/v2\/categories?post=77744"},{"taxonomy":"post_tag","embeddable":true,"href":"https:\/\/migracao.redenoticia.com.br\/noticia\/wp-json\/wp\/v2\/tags?post=77744"}],"curies":[{"name":"wp","href":"https:\/\/api.w.org\/{rel}","templated":true}]}}