{"id":77746,"date":"2015-11-19T18:13:58","date_gmt":"2015-11-19T20:13:58","guid":{"rendered":"http:\/\/www.redenoticia.com.br\/noticia\/?p=77746"},"modified":"2015-11-19T18:13:58","modified_gmt":"2015-11-19T20:13:58","slug":"emprego-na-industria-cai-7-em-setembro-diz-ibge","status":"publish","type":"post","link":"https:\/\/migracao.redenoticia.com.br\/noticia\/2015\/emprego-na-industria-cai-7-em-setembro-diz-ibge\/77746","title":{"rendered":"Emprego na ind\u00fastria cai 7% em setembro, diz IBGE"},"content":{"rendered":"<p> O <strong><em>n\u00edvel de emprego na ind\u00fastria<\/em><\/strong> brasileira caiu 7,0% em setembro deste ano na compara\u00e7\u00e3o com o mesmo m\u00eas do ano passado. Este \u00e9 o quadrag\u00e9simo oitavo resultado negativo consecutivo e o maior desde o in\u00edcio da s\u00e9rie hist\u00f3rica da Pesquisa Industrial Mensal de Emprego e Sal\u00e1rio, em dezembro de 2000. Os dados foram divulgados pelo Instituto Brasileiro de Geografia e Estat\u00edstica (IBGE) e mostram que todos os 18 ramos pesquisados registraram queda, sendo que os destaques foram transportes (-12,4%), m\u00e1quinas e equipamentos (-10,6%), m\u00e1quinas e aparelhos eletr\u00f4nicos e de comunica\u00e7\u00f5es (-14,7%) e alimentos e bebidas (-2,9%).<\/p>\n<p>Na compara\u00e7\u00e3o com agosto deste ano, o n\u00famero de postos de trabalho na ind\u00fastria caiu 0,7% &#8211; o nono resultado negativo consecutivo, acumulando no per\u00edodo perda de 6,1%. No trimestre encerrado em setembro, o n\u00famero de demiss\u00f5es no setor chegou a 2,4% na compara\u00e7\u00e3o com o per\u00edodo de abril a junho. Essa foi a d\u00e9cima primeira taxa negativa neste tipo de compara\u00e7\u00e3o.<\/p>\n<p>Em rela\u00e7\u00e3o \u00e0s horas pagas aos trabalhadores no setor, a pesquisa aponta queda de 0,8% em setembro na compara\u00e7\u00e3o com agosto. Esta \u00e9 a s\u00e9tima taxa negativa consecutiva, acumulando no per\u00edodo perda de 6,3%. J\u00e1 no trimestre de julho a setembro, o recuo foi de 7,5% e a taxa \u00e9 a d\u00e9cima s\u00e9tima negativa consecutiva, intensificando o ritmo de queda em rela\u00e7\u00e3o ao segundo trimestre (- 6,4%). Na compara\u00e7\u00e3o com setembro de 2014, a queda no pagamento das horas trabalhadas foi de 7,8%.<\/p>\n<p>Sobre a folha de pagamento, houve queda de 1,6% em setembro na compara\u00e7\u00e3o com agosto e de 9,1% em rela\u00e7\u00e3o \u00e0 setembro de 2014. Segundo o IBGE, foi a maior queda desde maio deste ano (-9,8%)<\/p>\n<p>Da Ag\u00eancia Brasil<br \/>\nEdi\u00e7\u00e3o: Carolina Pimentel<\/p>\n","protected":false},"excerpt":{"rendered":"<p>O n\u00edvel de emprego na ind\u00fastria brasileira caiu 7,0% em setembro deste ano na compara\u00e7\u00e3o com o mesmo m\u00eas do ano passado. Este \u00e9 o quadrag\u00e9simo oitavo resultado negativo consecutivo e o maior desde o in\u00edcio da s\u00e9rie hist\u00f3rica da Pesquisa Industrial Mensal de Emprego e Sal\u00e1rio, em dezembro de 2000. Os dados foram divulgados [&hellip;]<\/p>\n","protected":false},"author":2,"featured_media":57585,"comment_status":"open","ping_status":"closed","sticky":false,"template":"","format":"standard","meta":{"tdm_status":"","tdm_grid_status":"","footnotes":""},"categories":[22],"tags":[],"class_list":{"0":"post-77746","1":"post","2":"type-post","3":"status-publish","4":"format-standard","5":"has-post-thumbnail","7":"category-brasil"},"_links":{"self":[{"href":"https:\/\/migracao.redenoticia.com.br\/noticia\/wp-json\/wp\/v2\/posts\/77746","targetHints":{"allow":["GET"]}}],"collection":[{"href":"https:\/\/migracao.redenoticia.com.br\/noticia\/wp-json\/wp\/v2\/posts"}],"about":[{"href":"https:\/\/migracao.redenoticia.com.br\/noticia\/wp-json\/wp\/v2\/types\/post"}],"author":[{"embeddable":true,"href":"https:\/\/migracao.redenoticia.com.br\/noticia\/wp-json\/wp\/v2\/users\/2"}],"replies":[{"embeddable":true,"href":"https:\/\/migracao.redenoticia.com.br\/noticia\/wp-json\/wp\/v2\/comments?post=77746"}],"version-history":[{"count":0,"href":"https:\/\/migracao.redenoticia.com.br\/noticia\/wp-json\/wp\/v2\/posts\/77746\/revisions"}],"wp:featuredmedia":[{"embeddable":true,"href":"https:\/\/migracao.redenoticia.com.br\/noticia\/wp-json\/wp\/v2\/media\/57585"}],"wp:attachment":[{"href":"https:\/\/migracao.redenoticia.com.br\/noticia\/wp-json\/wp\/v2\/media?parent=77746"}],"wp:term":[{"taxonomy":"category","embeddable":true,"href":"https:\/\/migracao.redenoticia.com.br\/noticia\/wp-json\/wp\/v2\/categories?post=77746"},{"taxonomy":"post_tag","embeddable":true,"href":"https:\/\/migracao.redenoticia.com.br\/noticia\/wp-json\/wp\/v2\/tags?post=77746"}],"curies":[{"name":"wp","href":"https:\/\/api.w.org\/{rel}","templated":true}]}}