{"id":77748,"date":"2015-11-19T18:15:36","date_gmt":"2015-11-19T20:15:36","guid":{"rendered":"http:\/\/www.redenoticia.com.br\/noticia\/?p=77748"},"modified":"2015-11-19T18:15:36","modified_gmt":"2015-11-19T20:15:36","slug":"desemprego-chega-a-79-em-outubro-maior-alta-para-o-mes-desde-2007","status":"publish","type":"post","link":"https:\/\/migracao.redenoticia.com.br\/noticia\/2015\/desemprego-chega-a-79-em-outubro-maior-alta-para-o-mes-desde-2007\/77748","title":{"rendered":"Desemprego chega a 7,9% em outubro, maior alta para o m\u00eas desde 2007"},"content":{"rendered":"<p> O <strong><em>desemprego<\/em><\/strong> no Brasil atingiu em outubro 7,9%, percentual est\u00e1vel em rela\u00e7\u00e3o a setembro (7,6%), mostra a Pesquisa Mensal de Emprego, divulgada hoje pelo Instituto Brasileiro de Geografia e Estat\u00edstica (IBGE). A taxa de desocupa\u00e7\u00e3o, no entanto, subiu 3,2 pontos percentuais em rela\u00e7\u00e3o a outubro de 2014 (4,7%). Foi a taxa de desocupa\u00e7\u00e3o mais alta para um m\u00eas de outubro desde 2007, quando chegou a 8,7%.<\/p>\n<p>O universo de desempregados chegou em outubro a 1,9 milh\u00e3o de pessoas, n\u00famero est\u00e1vel frente a setembro. Mas subiu 67,5% (mais 771 mil pessoas em busca de trabalho) em rela\u00e7\u00e3o a outubro de 2014. Na compara\u00e7\u00e3o anual, essa foi a maior varia\u00e7\u00e3o percentual da popula\u00e7\u00e3o desocupada na s\u00e9rie hist\u00f3rica da pesquisa.<\/p>\n<p>Regi\u00f5es<\/p>\n<p>A taxa de desemprego na Regi\u00e3o Metropolitana de S\u00e3o Paulo atingiu 8,1% em outubro, aumento de 0,8 ponto percentual em rela\u00e7\u00e3o a setembro, mostra a pesquisa. Em outubro, a capital paulista foi a \u00fanica a registrar aumento de desemprego entre todas as regi\u00f5es metropolitanas do pa\u00eds. Em setembro \u00faltimo, a taxa de desocupa\u00e7\u00e3o na capital paulista foi 7,3%.<\/p>\n<p>Em rela\u00e7\u00e3o a outubro do ano passado, no entanto, a taxa de desemprego cresceu em todas as regi\u00f5es: em Salvador, passou de 8,5% para 12,8%; em S\u00e3o Paulo, de 4,4% para 8,1%; no Recife, de 6,7% para 9,8%; em Belo Horizonte, de 3,5% para 6,6%; no Rio de Janeiro, de 3,8% para 6% e Porto Alegre, de 4,6% para 6,8%.<\/p>\n<p>No confronto com outubro do ano passado, a desocupa\u00e7\u00e3o aumentou em todas as regi\u00f5es, sendo o maior aumento em S\u00e3o Paulo (86,2%) e o menor em Recife (45,8%). As varia\u00e7\u00f5es ocorridas na compara\u00e7\u00e3o anual para S\u00e3o Paulo (86,2%), Belo Horizonte (82,4%) e o agregado das seis regi\u00f5es (67,5%) foram as maiores em toda a s\u00e9rie hist\u00f3rica da pesquisa, iniciada em mar\u00e7o de 2002.<\/p>\n<p>A popula\u00e7\u00e3o ocupada, que chegou a 22,5 milh\u00f5es nas seis regi\u00f5es, em outubro de 2015, recuou em ambas as compara\u00e7\u00f5es: -1,0% (menos 230 mil pessoas) em rela\u00e7\u00e3o a setembro e &#8211; 3,5% (menos 825 mil pessoas) no ano. Regionalmente, na an\u00e1lise mensal, houve retra\u00e7\u00f5es no n\u00famero de ocupados nas regi\u00f5es metropolitanas de Recife (-2,6%) e de Belo Horizonte (-2,1%) e estabilidade nas demais. Em rela\u00e7\u00e3o a outubro de 2014, houve estabilidade no Rio de Janeiro e quedas nas demais regi\u00f5es metropolitanas: Salvador (-7,1%; 137 mil pessoas), Belo Horizonte (-4,8%; 121 mil pessoas), Recife (-4,6%; 74 mil pessoas), S\u00e3o Paulo (-4%; 385 mil pessoas) e Porto Alegre (3,6%; 70 mil pessoas).<\/p>\n<p>No conjunto das seis regi\u00f5es, em outubro, a popula\u00e7\u00e3o ocupada ficou est\u00e1vel em todos os grupamentos, exceto a ind\u00fastria (-3,9%). Frente a outubro de 2014, ind\u00fastria (-8,7%), constru\u00e7\u00e3o (-5,2%) e servi\u00e7os prestados \u00e0s empresas (-3,7%) tiveram quedas.<\/p>\n<p>O n\u00famero de trabalhadores com carteira de trabalho assinada no setor privado (11,2 milh\u00f5es), no conjunto das seis regi\u00f5es metropolitanas analisadas, ficou est\u00e1vel na compara\u00e7\u00e3o mensal e recuou 4% frente a outubro do ano passado. Houve menos 470 mil pessoas com carteira assinada. Regionalmente, na compara\u00e7\u00e3o mensal, ocorreu estabilidade em todas as regi\u00f5es. Frente a outubro de 2014, Recife (-8,7%), Porto Alegre (-7%), Belo Horizonte (-6,1%) e S\u00e3o Paulo (-3,3%) apresentaram redu\u00e7\u00f5es nesse contingente.<\/p>\n<p>Da Ag\u00eancia Brasil<br \/>\nEdi\u00e7\u00e3o: Jos\u00e9 Romildo<\/p>\n","protected":false},"excerpt":{"rendered":"<p>O desemprego no Brasil atingiu em outubro 7,9%, percentual est\u00e1vel em rela\u00e7\u00e3o a setembro (7,6%), mostra a Pesquisa Mensal de Emprego, divulgada hoje pelo Instituto Brasileiro de Geografia e Estat\u00edstica (IBGE). A taxa de desocupa\u00e7\u00e3o, no entanto, subiu 3,2 pontos percentuais em rela\u00e7\u00e3o a outubro de 2014 (4,7%). Foi a taxa de desocupa\u00e7\u00e3o mais alta [&hellip;]<\/p>\n","protected":false},"author":2,"featured_media":57582,"comment_status":"open","ping_status":"closed","sticky":false,"template":"","format":"standard","meta":{"tdm_status":"","tdm_grid_status":"","footnotes":""},"categories":[22,7],"tags":[],"class_list":{"0":"post-77748","1":"post","2":"type-post","3":"status-publish","4":"format-standard","5":"has-post-thumbnail","7":"category-brasil","8":"category-economia"},"_links":{"self":[{"href":"https:\/\/migracao.redenoticia.com.br\/noticia\/wp-json\/wp\/v2\/posts\/77748","targetHints":{"allow":["GET"]}}],"collection":[{"href":"https:\/\/migracao.redenoticia.com.br\/noticia\/wp-json\/wp\/v2\/posts"}],"about":[{"href":"https:\/\/migracao.redenoticia.com.br\/noticia\/wp-json\/wp\/v2\/types\/post"}],"author":[{"embeddable":true,"href":"https:\/\/migracao.redenoticia.com.br\/noticia\/wp-json\/wp\/v2\/users\/2"}],"replies":[{"embeddable":true,"href":"https:\/\/migracao.redenoticia.com.br\/noticia\/wp-json\/wp\/v2\/comments?post=77748"}],"version-history":[{"count":0,"href":"https:\/\/migracao.redenoticia.com.br\/noticia\/wp-json\/wp\/v2\/posts\/77748\/revisions"}],"wp:featuredmedia":[{"embeddable":true,"href":"https:\/\/migracao.redenoticia.com.br\/noticia\/wp-json\/wp\/v2\/media\/57582"}],"wp:attachment":[{"href":"https:\/\/migracao.redenoticia.com.br\/noticia\/wp-json\/wp\/v2\/media?parent=77748"}],"wp:term":[{"taxonomy":"category","embeddable":true,"href":"https:\/\/migracao.redenoticia.com.br\/noticia\/wp-json\/wp\/v2\/categories?post=77748"},{"taxonomy":"post_tag","embeddable":true,"href":"https:\/\/migracao.redenoticia.com.br\/noticia\/wp-json\/wp\/v2\/tags?post=77748"}],"curies":[{"name":"wp","href":"https:\/\/api.w.org\/{rel}","templated":true}]}}