{"id":77871,"date":"2015-11-23T16:09:20","date_gmt":"2015-11-23T18:09:20","guid":{"rendered":"http:\/\/www.redenoticia.com.br\/noticia\/?p=77871"},"modified":"2015-11-23T16:09:20","modified_gmt":"2015-11-23T18:09:20","slug":"fapesp-e-gsk-anunciam-dois-novos-centros-de-excelencia-em-pesquisa","status":"publish","type":"post","link":"https:\/\/migracao.redenoticia.com.br\/noticia\/2015\/fapesp-e-gsk-anunciam-dois-novos-centros-de-excelencia-em-pesquisa\/77871","title":{"rendered":"FAPESP e GSK anunciam dois novos Centros de Excel\u00eancia em Pesquisa"},"content":{"rendered":"<p>Karina Toledo | Ag\u00eancia FAPESP \u2013 A FAPESP e a empresa farmac\u00eautica Glaxo SmithKline Brasil (GSK) anunciaram a cria\u00e7\u00e3o de dois novos <strong><em>Centros de Excel\u00eancia em Pesquisa<\/em><\/strong> no Estado de S\u00e3o Paulo \u2013 um deles sediado na Universidade Federal de S\u00e3o Carlos (UFSCar) e dedicado a desenvolver novas tecnologias na \u00e1rea de qu\u00edmica sustent\u00e1vel e outro no Instituto Butantan, voltado \u00e0 valida\u00e7\u00e3o de alvos terap\u00eauticos que possibilitem a cria\u00e7\u00e3o de novos f\u00e1rmacos para doen\u00e7as de base inflamat\u00f3ria.<\/p>\n<p>Selecionados em duas chamadas p\u00fablicas de propostas lan\u00e7adas em 2014, os projetos receber\u00e3o investimentos da ordem de R$ 88,4 milh\u00f5es para o desenvolvimento de estudos ao longo dos pr\u00f3ximos dez anos. Desse montante, a FAPESP e a GSK v\u00e3o compartilhar R$ 34,6 milh\u00f5es. Outros R$ 53,7 milh\u00f5es ser\u00e3o investidos pelas institui\u00e7\u00f5es-sede.<\/p>\n<p>\u201cA FAPESP tem feito um grande esfor\u00e7o para ampliar as atividades acad\u00eamicas de modo a beneficiar a ind\u00fastria e a sociedade. Temos assinado acordos de parceria com empresas. Este com a GSK parece particularmente interessante, pois o Instituto Butantan tem grande tradi\u00e7\u00e3o de pesquisa, assim como a UFSCar\u201d, disse o presidente da FAPESP, Jos\u00e9 Goldemberg, durante o evento em que foram anunciados os projetos escolhidos.<\/p>\n<p>Cesar Rengifo, presidente da GSK, contou que h\u00e1 cinco anos a empresa tomou a decis\u00e3o de investir em pa\u00edses onde h\u00e1 ci\u00eancia de qualidade, entre eles o Brasil, e para isso criou o programa Trust in Science. \u201cHoje confirmamos nosso compromisso, pois nosso investimento no pa\u00eds vai aumentar em 50% nos pr\u00f3ximos cinco anos. Nosso objetivo \u00e9, no futuro, lan\u00e7ar um produto orgulhosamente descoberto no Brasil\u201d, afirmou.<\/p>\n<p>Segundo Rengifo, assim como a Argentina, o Brasil foi escolhido como parceiro-chave na Am\u00e9rica Latina por ter uma grande produ\u00e7\u00e3o cient\u00edfica e contar com institui\u00e7\u00f5es como a FAPESP, \u201cque conseguem articular a ci\u00eancia de qualidade, de modo que os investimentos sejam canalizados para os lugares certos\u201d. \u201cNossa inten\u00e7\u00e3o \u00e9 que o grande n\u00famero de publica\u00e7\u00f5es brasileiras se transforme em ci\u00eancia aplicada\u201d, disse o executivo em entrevista \u00e0 Ag\u00eancia FAPESP.<\/p>\n<p>Tamb\u00e9m presente no evento, o ministro de estado brit\u00e2nico para Com\u00e9rcio e Investimento, Francis Maude, ressaltou que a nova parceria refor\u00e7a os la\u00e7os j\u00e1 existentes entre FAPESP e Reino Unido. \u201cJ\u00e1 h\u00e1 32 acordos entre a FAPESP e universidades e empresas brit\u00e2nicas. A institui\u00e7\u00e3o tamb\u00e9m \u00e9 a parceira brasileira em diversos programas dedicados a promover colabora\u00e7\u00e3o al\u00e9m-mar\u201d, disse.<\/p>\n<p>Maude disse estar confiante de que a nova parceria levar\u00e1 \u00e0 produ\u00e7\u00e3o de ci\u00eancia de excel\u00eancia e a impactos sociais e econ\u00f4micos significativos. \u201cOs resultados v\u00e3o nos capacitar para lidar melhor com quest\u00f5es globais de sa\u00fade e, ao longo do caminho, gerar crescimento e empregos no Brasil e no Reino Unido\u201d, afirmou.<\/p>\n<p>Escopo dos novos centros<\/p>\n<p>Coordenado pela professora , no Instituto Butantan, o Centro de Excel\u00eancia em Pesquisa B\u00e1sica Orientada (Centre of Excellence for Research in Target Discovery) tem como objetivo identificar alvos moleculares e vias de sinaliza\u00e7\u00e3o envolvidas em doen\u00e7as de base inflamat\u00f3ria, como artrite reumatoide, s\u00edndrome metab\u00f3lica e doen\u00e7as neurodegenerativas.<\/p>\n<p>A ideia \u00e9 usar produtos naturais, como venenos e secre\u00e7\u00f5es animais, na valida\u00e7\u00e3o dos alvos terap\u00eauticos, abrindo caminho para o desenvolvimento de novos f\u00e1rmacos.<\/p>\n<p>J\u00e1 o Centro de Excel\u00eancia em Qu\u00edmica Sustent\u00e1vel (Centre of Excellence for Research in Sustainable Chemistry), coordenado pela professora da UFSCar , ter\u00e1 como miss\u00e3o buscar m\u00e9todos mais eficientes de s\u00edntese org\u00e2nica, com menor impacto ambiental.<\/p>\n<p>As pesquisas v\u00e3o privilegiar o uso de solventes e fontes de energia sustent\u00e1veis, reagentes mais seguros, processos mais limpos, mat\u00e9rias-primas renov\u00e1veis e buscar m\u00e9todos \u201cverdes\u201d para triagem de compostos ativos. Al\u00e9m de pesquisadores da UFSCar, a equipe contar\u00e1 com membros da Universidade Estadual de Campinas (Unicamp), da Universidade de S\u00e3o Paulo (USP) em Ribeir\u00e3o Preto, da Universidade Estadual Paulista (Unesp) e da Universidade Federal de Santa Catarina (UFSC).<\/p>\n<p>O diretor cient\u00edfico da FAPESP, Carlos Henrique de Brito Cruz, explicou que os projetos que dar\u00e3o origem aos centros foram selecionados por um comit\u00ea de cientistas escolhido pela Funda\u00e7\u00e3o e pela GSK.<\/p>\n<p>Segundo Brito Cruz, com base na experi\u00eancia acumulada pela FAPESP ao longo de 20 anos de fomento \u00e0 pesquisa colaborativa entre universidade e ind\u00fastria, foram estabelecidas algumas caracter\u00edsticas consideradas priorit\u00e1rias para assegurar que os centros atinjam os objetivos propostos.<\/p>\n<p>\u201cEm primeiro lugar, \u00e9 preciso ter um plano para produzir ci\u00eancia de primeira classe. Al\u00e9m disso, as institui\u00e7\u00f5es-sede devem se comprometer a oferecer apoio adequado para os centros funcionarem. Finalmente, \u00e9 preciso haver pesquisadores da empresa trabalhando junto com os da universidade. Em cada centro h\u00e1 um coordenador, que \u00e9 o investigador principal, e h\u00e1 tamb\u00e9m um coordenador adjunto, que ser\u00e1 um pesquisador qualificado, apontado pela empresa, que ser\u00e1 um pesquisador visitante na institui\u00e7\u00e3o-sede. O objetivo \u00e9 ter certeza de que o parceiro ser\u00e1 envolvido em todas as decis\u00f5es e na opera\u00e7\u00e3o cotidiana dos centros. Queremos que uma real parceria se desenvolva\u201d, ressaltou Brito Cruz\u201d, ressaltou Brito Cruz.<\/p>\n<p>\u201cN\u00f3s n\u00e3o pretendemos ficar sentados s\u00f3 observando. Vamos fazer parte das reuni\u00f5es e das discuss\u00f5es\u201d, afirmou Isro Gloger, diretor do programa Trust in Science, da GSK.<\/p>\n<p>Gloger contou que o programa foi lan\u00e7ado em 2011 e disse que a empresa teve \u201csorte de firmar um acordo com a FAPESP\u201d. \u201cCriamos um programa que acredito ser \u00fanico, pois n\u00e3o envolve apenas financiamento, mas tamb\u00e9m colabora\u00e7\u00e3o da empresa com grupos acad\u00eamicos. A GSK \u00e9 um participante cient\u00edfico muito ativo. E, segundo o acordo, a propriedade intelectual pertencer\u00e1 ao cientista que de fato fizer a descoberta\u201d, disse Gloger.<\/p>\n<p>Jorge Elias Kalil Filho, diretor do Instituto Butantan, comemorou a oportunidade de contar com o apoio de uma grande empresa como a GSK para transformar as descobertas feitas na institui\u00e7\u00e3o em produtos \u00fateis \u00e0 sociedade.<\/p>\n<p>Targino de Ara\u00fajo Filho, reitor da UFSCar, afirmou que a cria\u00e7\u00e3o do centro \u2013 no momento em que a institui\u00e7\u00e3o celebra seu 45\u00ba anivers\u00e1rio \u2013 \u00e9 um presente e um reconhecimento da qualidade e do esfor\u00e7o de seus pesquisadores. Segundo ele, a forma como o centro ser\u00e1 estruturado permitir\u00e1 \u00e0 universidade contribuir plenamente para o desenvolvimento do pa\u00eds.<\/p>\n","protected":false},"excerpt":{"rendered":"<p>Karina Toledo | Ag\u00eancia FAPESP \u2013 A FAPESP e a empresa farmac\u00eautica Glaxo SmithKline Brasil (GSK) anunciaram a cria\u00e7\u00e3o de dois novos Centros de Excel\u00eancia em Pesquisa no Estado de S\u00e3o Paulo \u2013 um deles sediado na Universidade Federal de S\u00e3o Carlos (UFSCar) e dedicado a desenvolver novas tecnologias na \u00e1rea de qu\u00edmica sustent\u00e1vel e [&hellip;]<\/p>\n","protected":false},"author":2,"featured_media":34864,"comment_status":"open","ping_status":"closed","sticky":false,"template":"","format":"standard","meta":{"tdm_status":"","tdm_grid_status":"","footnotes":""},"categories":[22],"tags":[],"class_list":{"0":"post-77871","1":"post","2":"type-post","3":"status-publish","4":"format-standard","5":"has-post-thumbnail","7":"category-brasil"},"_links":{"self":[{"href":"https:\/\/migracao.redenoticia.com.br\/noticia\/wp-json\/wp\/v2\/posts\/77871","targetHints":{"allow":["GET"]}}],"collection":[{"href":"https:\/\/migracao.redenoticia.com.br\/noticia\/wp-json\/wp\/v2\/posts"}],"about":[{"href":"https:\/\/migracao.redenoticia.com.br\/noticia\/wp-json\/wp\/v2\/types\/post"}],"author":[{"embeddable":true,"href":"https:\/\/migracao.redenoticia.com.br\/noticia\/wp-json\/wp\/v2\/users\/2"}],"replies":[{"embeddable":true,"href":"https:\/\/migracao.redenoticia.com.br\/noticia\/wp-json\/wp\/v2\/comments?post=77871"}],"version-history":[{"count":0,"href":"https:\/\/migracao.redenoticia.com.br\/noticia\/wp-json\/wp\/v2\/posts\/77871\/revisions"}],"wp:featuredmedia":[{"embeddable":true,"href":"https:\/\/migracao.redenoticia.com.br\/noticia\/wp-json\/wp\/v2\/media\/34864"}],"wp:attachment":[{"href":"https:\/\/migracao.redenoticia.com.br\/noticia\/wp-json\/wp\/v2\/media?parent=77871"}],"wp:term":[{"taxonomy":"category","embeddable":true,"href":"https:\/\/migracao.redenoticia.com.br\/noticia\/wp-json\/wp\/v2\/categories?post=77871"},{"taxonomy":"post_tag","embeddable":true,"href":"https:\/\/migracao.redenoticia.com.br\/noticia\/wp-json\/wp\/v2\/tags?post=77871"}],"curies":[{"name":"wp","href":"https:\/\/api.w.org\/{rel}","templated":true}]}}