{"id":77873,"date":"2015-11-23T16:11:31","date_gmt":"2015-11-23T18:11:31","guid":{"rendered":"http:\/\/www.redenoticia.com.br\/noticia\/?p=77873"},"modified":"2015-11-23T16:11:31","modified_gmt":"2015-11-23T18:11:31","slug":"defesa-civil-sp-lanca-operacao-verao-20152016","status":"publish","type":"post","link":"https:\/\/migracao.redenoticia.com.br\/noticia\/2015\/defesa-civil-sp-lanca-operacao-verao-20152016\/77873","title":{"rendered":"Defesa Civil SP lan\u00e7a Opera\u00e7\u00e3o Ver\u00e3o 2015\/2016"},"content":{"rendered":"<p>S\u00e3o Paulo d\u00e1 in\u00edcio no pr\u00f3ximo dia 1\u00ba de dezembro \u00e0 <strong><em>Opera\u00e7\u00e3o Ver\u00e3o<\/em><\/strong>, uma a\u00e7\u00e3o de gest\u00e3o de risco com prop\u00f3sito de preservar vidas e reduzir os dados humanos, materiais e ambientais.<\/p>\n<p>Com vigor at\u00e9 o dia 31 de mar\u00e7o de 2016, a Opera\u00e7\u00e3o engloba os Planos Preventivos da Defesa Civil, o PPDC, que re\u00fane a\u00e7\u00f5es integradas entre diferentes \u00f3rg\u00e3os dos governos estadual e municipal, al\u00e9m da pr\u00f3pria comunidade com o objetivo de salvar vidas.<\/p>\n<p>&#8220;Temos um plano preventivo que tem sido feito em todo estado desde 1988. Este ano, melhoramos as refer\u00eancias para dar ainda mais seguran\u00e7a e evitar que pessoas acabem morrendo em inunda\u00e7\u00e3o ou alagamentos&#8221;, afirmou o Coronel Jos\u00e9 Roberto Rodrigues de Oliveira, coordenador estadual da Defesa Civil.<\/p>\n<p>Segundo o coronel, todas as defesas civis que fazem parte do PPDC participaram de um novo treinamento. &#8220;Foram sete oficinas em todo o estado, levando informa\u00e7\u00f5es sobre o aumento das chuvas e como essa situa\u00e7\u00e3o precisa ser tratada em cada munic\u00edpio&#8221;.<\/p>\n<p>O PPDC conta com nove planos preventivos, que abrangem 175 munic\u00edpios mais vulner\u00e1veis do Estado, sendo um espec\u00edfico para inunda\u00e7\u00f5es e outros sete para escorregamentos.<\/p>\n<p>Novas plataformas<br \/>\nA fim de otimizar a opera\u00e7\u00e3o dos PPDCs e o monitoramento dos desastres naturais, o Centro Nacional de Monitoramento e Alerta de Desastres Naturais, em parceria com o Cedec\/SP e o Ex\u00e9rcito Brasileiro, instalaram 706 plataformas de coletas de Dados Pluviom\u00e9tricos, conhecidas como pluvi\u00f4metros autom\u00e1ticos em 222 munic\u00edpios, que possibilitar\u00e1 a produ\u00e7\u00e3o de alertas mais precisos sobre os riscos das cidades, beneficiando diretamente a popula\u00e7\u00e3o.<\/p>\n<p>Opera\u00e7\u00e3o Corta-Fogo<br \/>\nA Defesa Civil tamb\u00e9m anunciou o encerramento da Opera\u00e7\u00e3o Corta-Fogo 2015. Os resultados deste ano foram bastante positivos em rela\u00e7\u00e3o ao anterior, sendo totalizada 2.752 pessoas capacitadas em 475 brigadas municipais.<\/p>\n<p>Ainda houve redu\u00e7\u00e3o de 58% dos focos de queimadas, redu\u00e7\u00e3o de 22% de \u00e1rea queimada em unidades de conserva\u00e7\u00e3o e diminui\u00e7\u00e3o de 32% nas ocorr\u00eancias atendidas pelo Corpo de Bombeiros.<\/p>\n<p>Do Portal do Governo do Estado SP<\/p>\n","protected":false},"excerpt":{"rendered":"<p>S\u00e3o Paulo d\u00e1 in\u00edcio no pr\u00f3ximo dia 1\u00ba de dezembro \u00e0 Opera\u00e7\u00e3o Ver\u00e3o, uma a\u00e7\u00e3o de gest\u00e3o de risco com prop\u00f3sito de preservar vidas e reduzir os dados humanos, materiais e ambientais. Com vigor at\u00e9 o dia 31 de mar\u00e7o de 2016, a Opera\u00e7\u00e3o engloba os Planos Preventivos da Defesa Civil, o PPDC, que re\u00fane [&hellip;]<\/p>\n","protected":false},"author":2,"featured_media":26302,"comment_status":"open","ping_status":"closed","sticky":false,"template":"","format":"standard","meta":{"tdm_status":"","tdm_grid_status":"","footnotes":""},"categories":[22],"tags":[],"class_list":{"0":"post-77873","1":"post","2":"type-post","3":"status-publish","4":"format-standard","5":"has-post-thumbnail","7":"category-brasil"},"_links":{"self":[{"href":"https:\/\/migracao.redenoticia.com.br\/noticia\/wp-json\/wp\/v2\/posts\/77873","targetHints":{"allow":["GET"]}}],"collection":[{"href":"https:\/\/migracao.redenoticia.com.br\/noticia\/wp-json\/wp\/v2\/posts"}],"about":[{"href":"https:\/\/migracao.redenoticia.com.br\/noticia\/wp-json\/wp\/v2\/types\/post"}],"author":[{"embeddable":true,"href":"https:\/\/migracao.redenoticia.com.br\/noticia\/wp-json\/wp\/v2\/users\/2"}],"replies":[{"embeddable":true,"href":"https:\/\/migracao.redenoticia.com.br\/noticia\/wp-json\/wp\/v2\/comments?post=77873"}],"version-history":[{"count":0,"href":"https:\/\/migracao.redenoticia.com.br\/noticia\/wp-json\/wp\/v2\/posts\/77873\/revisions"}],"wp:featuredmedia":[{"embeddable":true,"href":"https:\/\/migracao.redenoticia.com.br\/noticia\/wp-json\/wp\/v2\/media\/26302"}],"wp:attachment":[{"href":"https:\/\/migracao.redenoticia.com.br\/noticia\/wp-json\/wp\/v2\/media?parent=77873"}],"wp:term":[{"taxonomy":"category","embeddable":true,"href":"https:\/\/migracao.redenoticia.com.br\/noticia\/wp-json\/wp\/v2\/categories?post=77873"},{"taxonomy":"post_tag","embeddable":true,"href":"https:\/\/migracao.redenoticia.com.br\/noticia\/wp-json\/wp\/v2\/tags?post=77873"}],"curies":[{"name":"wp","href":"https:\/\/api.w.org\/{rel}","templated":true}]}}