{"id":77875,"date":"2015-11-23T16:15:39","date_gmt":"2015-11-23T18:15:39","guid":{"rendered":"http:\/\/www.redenoticia.com.br\/noticia\/?p=77875"},"modified":"2015-11-23T16:15:39","modified_gmt":"2015-11-23T18:15:39","slug":"desigualdade-social-elevada-dificilmente-sera-revertida-ate-2023-diz-ipea","status":"publish","type":"post","link":"https:\/\/migracao.redenoticia.com.br\/noticia\/2015\/desigualdade-social-elevada-dificilmente-sera-revertida-ate-2023-diz-ipea\/77875","title":{"rendered":"Desigualdade social elevada dificilmente ser\u00e1 revertida at\u00e9 2023, diz Ipea"},"content":{"rendered":"<p>O Instituto de Pesquisa Econ\u00f4mica Aplicada (Ipea) divulgou um estudo que apresenta poss\u00edveis cen\u00e1rios para o Brasil at\u00e9 2023, e prop\u00f5e a\u00e7\u00f5es de preven\u00e7\u00e3o social e de <strong><em>seguran\u00e7a p\u00fablica<\/em><\/strong> para o pa\u00eds.<\/p>\n<p>Mesmo nos cen\u00e1rios mais positivos, a publica\u00e7\u00e3o mostra que certas tend\u00eancias dificilmente poder\u00e3o ser revertidas at\u00e9 2023, como a desigualdade social elevada, o f\u00e1cil acesso \u00e0s armas de fogo, o crescimento da criminalidade no interior do pa\u00eds, o alto n\u00famero de mortes pela pol\u00edcia, o endurecimento penal, os problemas de governan\u00e7a na seguran\u00e7a p\u00fablica e a alta sensa\u00e7\u00e3o de inseguran\u00e7a.<\/p>\n<p>\u201cMudar essas tend\u00eancias depende de uma atua\u00e7\u00e3o coordenada de todos os principais atores, que precisa ser constru\u00edda e liderada pelo Minist\u00e9rio da Justi\u00e7a\u201d, afirmou o diretor de Pesquisa, An\u00e1lise de Informa\u00e7\u00e3o e Ensino da Secretaria Nacional de Seguran\u00e7a P\u00fablica, do Minist\u00e9rio da Justi\u00e7a, Rog\u00e9rio Carneiro.<\/p>\n<p>O objetivo do estudo \u201cViol\u00eancia e Seguran\u00e7a P\u00fablica em 2023: cen\u00e1rios explorat\u00f3rios e planejamento prospectivo\u201d \u00e9 contribuir com o planejamento do governo federal para a \u00e1rea de seguran\u00e7a p\u00fablica, por meio da constru\u00e7\u00e3o e da an\u00e1lise dos poss\u00edveis cen\u00e1rios.<\/p>\n<p>Um dos autores da publica\u00e7\u00e3o, o coordenador de Estudos e Pol\u00edticas de Estado e Institui\u00e7\u00f5es do Ipea, Helder Ferreira, disse que \u00e9 importante avan\u00e7ar no planejamento e discutir com a sociedade um plano nacional de seguran\u00e7a p\u00fablica que contemple, n\u00e3o s\u00f3 homic\u00eddios, mas outros temas ligados \u00e0 seguran\u00e7a.<\/p>\n<p>\u201cA integra\u00e7\u00e3o das pr\u00f3prias pol\u00edcias j\u00e1 est\u00e1 sendo debatida no Congresso Nacional. Na preven\u00e7\u00e3o social, \u00e9 preciso trabalhar com jovens em situa\u00e7\u00e3o de vulnerabilidade social e com os egressos do sistema prisional, incluindo os que cumpriram medidas socioeducativas, tentando tir\u00e1-los da trajet\u00f3ria de crime\u201d, disse o coordenador do Ipea.<\/p>\n<p>Entre as solu\u00e7\u00f5es para a melhoria da seguran\u00e7a p\u00fablica, o coordenador defende a revis\u00e3o do Estatuto do Desarmamento. \u201cTodos os estudos apontam que mais armas trazem menos seguran\u00e7a\u201d, afirmou.<\/p>\n<p>O diretor de pesquisa e an\u00e1lise de informa\u00e7\u00e3o do Minist\u00e9rio da Justi\u00e7a, Rog\u00e9rio Carneiro, disse que \u00e9 preciso avaliar as a\u00e7\u00f5es por sua efetividade no curto, m\u00e9dio e longo prazo e dividir em preven\u00e7\u00e3o social as mais qualificadas. \u201cPor isso, o Minist\u00e9rio da Justi\u00e7a est\u00e1 buscando parcerias com outros minist\u00e9rios da \u00e1rea social, a fim de definir as a\u00e7\u00f5es de preven\u00e7\u00e3o. Elas t\u00eam resultados a m\u00e9dio e longo prazos, s\u00e3o mais eficientes, duradouras e mais estruturantes. Como o trabalho coloca, talvez n\u00e3o se consiga atingir todas at\u00e9 2023, como, por exemplo, acabar com a desigualdade social\u201d, ressaltou.<\/p>\n<p>Tend\u00eancias e cen\u00e1rios para seguran\u00e7a p\u00fablica<\/p>\n<p>O estudo refor\u00e7a a urg\u00eancia de se avan\u00e7ar na pol\u00edtica de seguran\u00e7a p\u00fablica. \u201cIsso, tendo em vista os riscos da situa\u00e7\u00e3o se agravar, seja para um estado de viol\u00eancia end\u00eamica, seja para um estado policial\u201d, Rog\u00e9rio Carneiro. Segundo ele, a an\u00e1lise das tend\u00eancias, das incertezas e dos principais atores de seguran\u00e7a p\u00fablica e suas estrat\u00e9gias levaram a quatro cen\u00e1rios fict\u00edcios: de preven\u00e7\u00e3o social, de viol\u00eancia end\u00eamica, de repress\u00e3o autorit\u00e1ria e de repress\u00e3o qualificada.<\/p>\n<p>O estudo mostra que certas decis\u00f5es podem contribuir para um futuro indesej\u00e1vel. &#8220;A op\u00e7\u00e3o por uma pol\u00edtica mais repressiva, punitiva e encarceradora pode reduzir a nossa liberdade e aumentar a exclus\u00e3o, sem reduzir as taxas de criminalidade. A repress\u00e3o direcionada para as camadas populacionais mais vulner\u00e1veis socioeconomicamente cria um sentimento generalizado de injusti\u00e7a, que acaba por esgar\u00e7ar os v\u00ednculos sociais e apartar a pol\u00edcia das comunidades.&#8221;<\/p>\n<p>Segundo a publica\u00e7\u00e3o, a melhoria da governan\u00e7a passa pela pol\u00edtica de seguran\u00e7a p\u00fablica, que precisa coordenar e integrar melhor as medidas de preven\u00e7\u00e3o e repress\u00e3o. Tamb\u00e9m passa pelo estabelecimento de pactos entre os \u00f3rg\u00e3o dos tr\u00eas poderes na coordena\u00e7\u00e3o de a\u00e7\u00f5es \u2013 hoje realizadas isoladamente no sistema de justi\u00e7a criminal \u2013 e pela estrutura\u00e7\u00e3o dos \u00f3rg\u00e3os de seguran\u00e7a p\u00fablica e envolvimento da sociedade.<\/p>\n<p>O livro est\u00e1 dispon\u00edvel apenas em formato digital no . Os minist\u00e9rios da Justi\u00e7a e do Planejamento, Or\u00e7amento e Gest\u00e3o foram parceiros na realiza\u00e7\u00e3o do projeto.<\/p>\n<p>Andreia Verd\u00e9lio \u2013 Rep\u00f3rter da Ag\u00eancia Brasil<br \/>\nEdi\u00e7\u00e3o: Maria Claudia<br \/>\n23\/11\/2015<\/p>\n","protected":false},"excerpt":{"rendered":"<p>O Instituto de Pesquisa Econ\u00f4mica Aplicada (Ipea) divulgou um estudo que apresenta poss\u00edveis cen\u00e1rios para o Brasil at\u00e9 2023, e prop\u00f5e a\u00e7\u00f5es de preven\u00e7\u00e3o social e de seguran\u00e7a p\u00fablica para o pa\u00eds. Mesmo nos cen\u00e1rios mais positivos, a publica\u00e7\u00e3o mostra que certas tend\u00eancias dificilmente poder\u00e3o ser revertidas at\u00e9 2023, como a desigualdade social elevada, o [&hellip;]<\/p>\n","protected":false},"author":2,"featured_media":57585,"comment_status":"open","ping_status":"closed","sticky":false,"template":"","format":"standard","meta":{"tdm_status":"","tdm_grid_status":"","footnotes":""},"categories":[22],"tags":[],"class_list":{"0":"post-77875","1":"post","2":"type-post","3":"status-publish","4":"format-standard","5":"has-post-thumbnail","7":"category-brasil"},"_links":{"self":[{"href":"https:\/\/migracao.redenoticia.com.br\/noticia\/wp-json\/wp\/v2\/posts\/77875","targetHints":{"allow":["GET"]}}],"collection":[{"href":"https:\/\/migracao.redenoticia.com.br\/noticia\/wp-json\/wp\/v2\/posts"}],"about":[{"href":"https:\/\/migracao.redenoticia.com.br\/noticia\/wp-json\/wp\/v2\/types\/post"}],"author":[{"embeddable":true,"href":"https:\/\/migracao.redenoticia.com.br\/noticia\/wp-json\/wp\/v2\/users\/2"}],"replies":[{"embeddable":true,"href":"https:\/\/migracao.redenoticia.com.br\/noticia\/wp-json\/wp\/v2\/comments?post=77875"}],"version-history":[{"count":0,"href":"https:\/\/migracao.redenoticia.com.br\/noticia\/wp-json\/wp\/v2\/posts\/77875\/revisions"}],"wp:featuredmedia":[{"embeddable":true,"href":"https:\/\/migracao.redenoticia.com.br\/noticia\/wp-json\/wp\/v2\/media\/57585"}],"wp:attachment":[{"href":"https:\/\/migracao.redenoticia.com.br\/noticia\/wp-json\/wp\/v2\/media?parent=77875"}],"wp:term":[{"taxonomy":"category","embeddable":true,"href":"https:\/\/migracao.redenoticia.com.br\/noticia\/wp-json\/wp\/v2\/categories?post=77875"},{"taxonomy":"post_tag","embeddable":true,"href":"https:\/\/migracao.redenoticia.com.br\/noticia\/wp-json\/wp\/v2\/tags?post=77875"}],"curies":[{"name":"wp","href":"https:\/\/api.w.org\/{rel}","templated":true}]}}