{"id":77879,"date":"2015-11-23T16:21:14","date_gmt":"2015-11-23T18:21:14","guid":{"rendered":"http:\/\/www.redenoticia.com.br\/noticia\/?p=77879"},"modified":"2015-11-23T16:21:14","modified_gmt":"2015-11-23T18:21:14","slug":"guia-do-esocial-com-tributos-sobre-13o-salario-estara-disponivel-em-dezembro","status":"publish","type":"post","link":"https:\/\/migracao.redenoticia.com.br\/noticia\/2015\/guia-do-esocial-com-tributos-sobre-13o-salario-estara-disponivel-em-dezembro\/77879","title":{"rendered":"Guia do eSocial com tributos sobre 13\u00ba sal\u00e1rio estar\u00e1 dispon\u00edvel em dezembro"},"content":{"rendered":"<p> A Receita Federal ir\u00e1 atualizar o para\u00a0recolhimento dos tributos referentes ao d\u00e9cimo terceiro sal\u00e1rio dos empregados dom\u00e9sticos. A partir de 1\u00ba de dezembro, a atualiza\u00e7\u00e3o estar\u00e1 funcionando e os patr\u00f5es poder\u00e3o recolher os tributos sobre a primeira parcela do d\u00e9cimo terceiro sal\u00e1rio.<\/p>\n<p>A primeira parcela deve ser paga at\u00e9 o dia 30 de novembro. J\u00e1 os tributos podem ser pagos, conforme limite fixado por lei, at\u00e9 o dia 7 de dezembro.<\/p>\n<p>A ferramenta para o recolhimento dos tributos sobre o pagamento da segunda parcela do d\u00e9cimo terceiro sal\u00e1rio est\u00e1 sendo finalizada pela \u00e1rea t\u00e9cnica do governo, e o pagamento est\u00e1 previsto para 7 de janeiro. Os patr\u00f5es devem ficar atentos, pois s\u00e3o obrigados a pagar a segunda parcela do d\u00e9cimo terceiro sal\u00e1rio aos trabalhadores at\u00e9 o dia 20 de dezembro.<\/p>\n<p>Outra funcionalidade prevista para dezembro \u00e9 o registro do desligamento de empregados no eSocial, segundo a Receita Federal.<\/p>\n<p>No eSocial, al\u00e9m dos tributos sobre o d\u00e9cimo terceiro sal\u00e1rio, o empregador recolhe, em documento \u00fanico, a contribui\u00e7\u00e3o previdenci\u00e1ria, que varia de 8% a 11% da remunera\u00e7\u00e3o do trabalhador e paga 8% de contribui\u00e7\u00e3o patronal para a Previd\u00eancia. A guia tamb\u00e9m inclui 8% de Fundo de Garantia do Tempo de Servi\u00e7o (FGTS), 0,8% de seguro contra acidentes de trabalho, 3,2% de indeniza\u00e7\u00e3o compensat\u00f3ria (multa do FGTS) e Imposto de Renda para quem recebe acima da faixa de isen\u00e7\u00e3o (R$ 1.903,98).<\/p>\n<p>Daniel Lima &#8211; Rep\u00f3rter da Ag\u00eancia Brasil<br \/>\nEdi\u00e7\u00e3o: Carolina Pimentel<br \/>\n23\/11\/2015<\/p>\n","protected":false},"excerpt":{"rendered":"<p>A Receita Federal ir\u00e1 atualizar o para\u00a0recolhimento dos tributos referentes ao d\u00e9cimo terceiro sal\u00e1rio dos empregados dom\u00e9sticos. A partir de 1\u00ba de dezembro, a atualiza\u00e7\u00e3o estar\u00e1 funcionando e os patr\u00f5es poder\u00e3o recolher os tributos sobre a primeira parcela do d\u00e9cimo terceiro sal\u00e1rio. A primeira parcela deve ser paga at\u00e9 o dia 30 de novembro. J\u00e1 [&hellip;]<\/p>\n","protected":false},"author":2,"featured_media":37419,"comment_status":"open","ping_status":"closed","sticky":false,"template":"","format":"standard","meta":{"tdm_status":"","tdm_grid_status":"","footnotes":""},"categories":[22],"tags":[],"class_list":{"0":"post-77879","1":"post","2":"type-post","3":"status-publish","4":"format-standard","5":"has-post-thumbnail","7":"category-brasil"},"_links":{"self":[{"href":"https:\/\/migracao.redenoticia.com.br\/noticia\/wp-json\/wp\/v2\/posts\/77879","targetHints":{"allow":["GET"]}}],"collection":[{"href":"https:\/\/migracao.redenoticia.com.br\/noticia\/wp-json\/wp\/v2\/posts"}],"about":[{"href":"https:\/\/migracao.redenoticia.com.br\/noticia\/wp-json\/wp\/v2\/types\/post"}],"author":[{"embeddable":true,"href":"https:\/\/migracao.redenoticia.com.br\/noticia\/wp-json\/wp\/v2\/users\/2"}],"replies":[{"embeddable":true,"href":"https:\/\/migracao.redenoticia.com.br\/noticia\/wp-json\/wp\/v2\/comments?post=77879"}],"version-history":[{"count":0,"href":"https:\/\/migracao.redenoticia.com.br\/noticia\/wp-json\/wp\/v2\/posts\/77879\/revisions"}],"wp:featuredmedia":[{"embeddable":true,"href":"https:\/\/migracao.redenoticia.com.br\/noticia\/wp-json\/wp\/v2\/media\/37419"}],"wp:attachment":[{"href":"https:\/\/migracao.redenoticia.com.br\/noticia\/wp-json\/wp\/v2\/media?parent=77879"}],"wp:term":[{"taxonomy":"category","embeddable":true,"href":"https:\/\/migracao.redenoticia.com.br\/noticia\/wp-json\/wp\/v2\/categories?post=77879"},{"taxonomy":"post_tag","embeddable":true,"href":"https:\/\/migracao.redenoticia.com.br\/noticia\/wp-json\/wp\/v2\/tags?post=77879"}],"curies":[{"name":"wp","href":"https:\/\/api.w.org\/{rel}","templated":true}]}}