{"id":7788,"date":"2009-08-06T13:24:42","date_gmt":"2009-08-06T17:24:42","guid":{"rendered":"http:\/\/www.redenoticia.com.br\/noticia\/?p=7788"},"modified":"2009-08-06T13:24:42","modified_gmt":"2009-08-06T17:24:42","slug":"previsao-sudeste-06-a-0808","status":"publish","type":"post","link":"https:\/\/migracao.redenoticia.com.br\/noticia\/2009\/previsao-sudeste-06-a-0808\/7788","title":{"rendered":"Previs\u00e3o Sudeste 06 a 08\/08"},"content":{"rendered":"<p><a href=\"https:\/\/migracao.redenoticia.com.br\/noticia\/imagens\/\/regi\u00f5es1.jpg\"><img loading=\"lazy\" decoding=\"async\" class=\"alignleft size-full wp-image-6823\" title=\"regi\u00f5es1\" src=\"https:\/\/migracao.redenoticia.com.br\/noticia\/imagens\/\/regi\u00f5es1.jpg\" alt=\"regi\u00f5es1\" width=\"150\" height=\"113\" \/><\/a>Previs\u00e3o 06\/08\/2009: No sul de SP: sol com nebulosidade vari\u00e1vel com chuva isolada. No RJ, sul de MG e parte de SP: sol entre poucas nuvens. Nas demais \u00e1reas da Regi\u00e3o: predom\u00ednio de sol. A umidade relativa do ar estar\u00e1 baixa no oeste de MG. As temperaturas estar\u00e3o est\u00e1veis. Temperatura m\u00e1xima: 32C no Tri\u00e2ngulo Mineiro.\u00a0<\/p>\n<p>Previs\u00e3o 07\/08\/2009: No litoral de SP e no litoral sul do RJ: sol com varia\u00e7\u00e3o de nuvens. No centro-oeste da Regi\u00e3o: predom\u00ednio de sol. Nas demais \u00e1reas: sol entre poucas nuvens. A umidade relativa do ar estar\u00e1 baixa no oeste de MG. As temperaturas estar\u00e3o est\u00e1veis. Temperatura m\u00e1xima: 33C no Tri\u00e2ngulo Mineiro. Temperatura m\u00ednima: 10C na Serra da Mantiqueira.<\/p>\n<p>Previs\u00e3o 08\/08\/2009: Em toda a Regi\u00e3o: predom\u00ednio de sol. A umidade relativa do ar estar\u00e1 baixa no oeste de MG. As temperaturas estar\u00e3o est\u00e1veis.<\/p>\n<p>Tend\u00eancia: Em toda a Regi\u00e3o: predom\u00ednio de sol. As temperaturas estar\u00e3o est\u00e1veis. Nos pr\u00f3ximos dois dias dia de sol entre poucas nuvens na Regi\u00e3o.<\/p>\n<p>No RS e no oeste e extremo sul de SC: sol entre muitas nuvens com chuva localmente forte. Nas demais \u00e1reas de SC: sol com nebulosidade vari\u00e1vel com possibilidade de pancadas de chuva. No oeste do PR: nublado com chuva de forma isolada. Nas demais \u00e1reas do PR: sol entre poucas nuvens. As temperaturas estar\u00e3o amenas. Nos pr\u00f3ximos dois dias h\u00e1 chance de chuva no RS e SC.<\/p>\n","protected":false},"excerpt":{"rendered":"<p>Previs\u00e3o 06\/08\/2009: No sul de SP: sol com nebulosidade vari\u00e1vel com chuva isolada. No RJ, sul de MG e parte de SP: sol entre poucas nuvens. Nas demais \u00e1reas da Regi\u00e3o: predom\u00ednio de sol. A umidade relativa do ar estar\u00e1 baixa no oeste de MG. As temperaturas estar\u00e3o est\u00e1veis. Temperatura m\u00e1xima: 32C no Tri\u00e2ngulo Mineiro.\u00a0 [&hellip;]<\/p>\n","protected":false},"author":3,"featured_media":0,"comment_status":"open","ping_status":"open","sticky":false,"template":"","format":"standard","meta":{"tdm_status":"","tdm_grid_status":"","footnotes":""},"categories":[22,327],"tags":[],"class_list":{"0":"post-7788","1":"post","2":"type-post","3":"status-publish","4":"format-standard","6":"category-brasil","7":"category-clima"},"_links":{"self":[{"href":"https:\/\/migracao.redenoticia.com.br\/noticia\/wp-json\/wp\/v2\/posts\/7788","targetHints":{"allow":["GET"]}}],"collection":[{"href":"https:\/\/migracao.redenoticia.com.br\/noticia\/wp-json\/wp\/v2\/posts"}],"about":[{"href":"https:\/\/migracao.redenoticia.com.br\/noticia\/wp-json\/wp\/v2\/types\/post"}],"author":[{"embeddable":true,"href":"https:\/\/migracao.redenoticia.com.br\/noticia\/wp-json\/wp\/v2\/users\/3"}],"replies":[{"embeddable":true,"href":"https:\/\/migracao.redenoticia.com.br\/noticia\/wp-json\/wp\/v2\/comments?post=7788"}],"version-history":[{"count":0,"href":"https:\/\/migracao.redenoticia.com.br\/noticia\/wp-json\/wp\/v2\/posts\/7788\/revisions"}],"wp:attachment":[{"href":"https:\/\/migracao.redenoticia.com.br\/noticia\/wp-json\/wp\/v2\/media?parent=7788"}],"wp:term":[{"taxonomy":"category","embeddable":true,"href":"https:\/\/migracao.redenoticia.com.br\/noticia\/wp-json\/wp\/v2\/categories?post=7788"},{"taxonomy":"post_tag","embeddable":true,"href":"https:\/\/migracao.redenoticia.com.br\/noticia\/wp-json\/wp\/v2\/tags?post=7788"}],"curies":[{"name":"wp","href":"https:\/\/api.w.org\/{rel}","templated":true}]}}