{"id":77883,"date":"2015-11-23T16:24:47","date_gmt":"2015-11-23T18:24:47","guid":{"rendered":"http:\/\/www.redenoticia.com.br\/noticia\/?p=77883"},"modified":"2015-11-23T16:24:48","modified_gmt":"2015-11-23T18:24:48","slug":"confianca-da-industria-cai-19-ponto-em-novembro-em-relacao-a-outubro-diz-fgv","status":"publish","type":"post","link":"https:\/\/migracao.redenoticia.com.br\/noticia\/2015\/confianca-da-industria-cai-19-ponto-em-novembro-em-relacao-a-outubro-diz-fgv\/77883","title":{"rendered":"Confian\u00e7a da ind\u00fastria cai 1,9 ponto em novembro em rela\u00e7\u00e3o a outubro, diz FGV"},"content":{"rendered":"<p>Caiu de 76,2 para 74,3 pontos o <strong><em>\u00cdndice de Confian\u00e7a da Ind\u00fastria<\/em><\/strong> (ICI) em novembro de 2015 em compara\u00e7\u00e3o ao m\u00eas anterior, informa pesquisa divulgada pelo Instituto Brasileiro de Economia (Ibre) da Funda\u00e7\u00e3o Getulio Vargas (FGV). A queda, que corresponde a uma pr\u00e9via (vers\u00e3o preliminar) do m\u00eas de novembro, correspondeu a 1,9 ponto.<\/p>\n<p>Quanto mais baixo o \u00edndice em rela\u00e7\u00e3o a 100 pontos, maior \u00e9 o pessimismo da ind\u00fastria quanto \u00e0 situa\u00e7\u00e3o atual e \u00e0 inten\u00e7\u00e3o de novos investimentos.<\/p>\n<p>A pesquisa sobre o ICI tem como objetivo orientar o governo e l\u00edderes empresariais em rela\u00e7\u00e3o \u00e0 tomada de decis\u00f5es sobre a pol\u00edtica econ\u00f4mica e sobre neg\u00f3cios.<\/p>\n<p>Em outubro, houve alta de 3,1 pontos na confian\u00e7a do consumidor.<\/p>\n<p>A queda do \u00edndice em novembro foi determinada pela piora das expectativas em rela\u00e7\u00e3o aos meses seguintes: o \u00cdndice de Expectativas (IE) caiu 4,4 pontos, atingindo 73,5 pontos. J\u00e1 o \u00cdndice da Situa\u00e7\u00e3o Atual (ISA) aumentou 0,7 ponto em rela\u00e7\u00e3o a outubro, atingindo 75,5 pontos.<\/p>\n<p>O resultado preliminar do N\u00edvel de Utiliza\u00e7\u00e3o da Capacidade Instalada (NUCI) sinaliza queda de 0,2 ponto entre outubro e novembro, ao passar de 74,9% para 74,7%.<\/p>\n<p>Para a pr\u00e9via de novembro de 2015 foram consultados dirigentes de 784 empresas industriais entre os dias 3 e 17 deste m\u00eas.<\/p>\n<p>Nielmar de Oliveira \u2013 Rep\u00f3rter da Ag\u00eancia Brasil<br \/>\nEdi\u00e7\u00e3o: Jos\u00e9 Romildo<br \/>\n23\/11\/2015<\/p>\n","protected":false},"excerpt":{"rendered":"<p>Caiu de 76,2 para 74,3 pontos o \u00cdndice de Confian\u00e7a da Ind\u00fastria (ICI) em novembro de 2015 em compara\u00e7\u00e3o ao m\u00eas anterior, informa pesquisa divulgada pelo Instituto Brasileiro de Economia (Ibre) da Funda\u00e7\u00e3o Getulio Vargas (FGV). A queda, que corresponde a uma pr\u00e9via (vers\u00e3o preliminar) do m\u00eas de novembro, correspondeu a 1,9 ponto. Quanto mais [&hellip;]<\/p>\n","protected":false},"author":2,"featured_media":57583,"comment_status":"open","ping_status":"closed","sticky":false,"template":"","format":"standard","meta":{"tdm_status":"","tdm_grid_status":"","footnotes":""},"categories":[22,7],"tags":[],"class_list":{"0":"post-77883","1":"post","2":"type-post","3":"status-publish","4":"format-standard","5":"has-post-thumbnail","7":"category-brasil","8":"category-economia"},"_links":{"self":[{"href":"https:\/\/migracao.redenoticia.com.br\/noticia\/wp-json\/wp\/v2\/posts\/77883","targetHints":{"allow":["GET"]}}],"collection":[{"href":"https:\/\/migracao.redenoticia.com.br\/noticia\/wp-json\/wp\/v2\/posts"}],"about":[{"href":"https:\/\/migracao.redenoticia.com.br\/noticia\/wp-json\/wp\/v2\/types\/post"}],"author":[{"embeddable":true,"href":"https:\/\/migracao.redenoticia.com.br\/noticia\/wp-json\/wp\/v2\/users\/2"}],"replies":[{"embeddable":true,"href":"https:\/\/migracao.redenoticia.com.br\/noticia\/wp-json\/wp\/v2\/comments?post=77883"}],"version-history":[{"count":0,"href":"https:\/\/migracao.redenoticia.com.br\/noticia\/wp-json\/wp\/v2\/posts\/77883\/revisions"}],"wp:featuredmedia":[{"embeddable":true,"href":"https:\/\/migracao.redenoticia.com.br\/noticia\/wp-json\/wp\/v2\/media\/57583"}],"wp:attachment":[{"href":"https:\/\/migracao.redenoticia.com.br\/noticia\/wp-json\/wp\/v2\/media?parent=77883"}],"wp:term":[{"taxonomy":"category","embeddable":true,"href":"https:\/\/migracao.redenoticia.com.br\/noticia\/wp-json\/wp\/v2\/categories?post=77883"},{"taxonomy":"post_tag","embeddable":true,"href":"https:\/\/migracao.redenoticia.com.br\/noticia\/wp-json\/wp\/v2\/tags?post=77883"}],"curies":[{"name":"wp","href":"https:\/\/api.w.org\/{rel}","templated":true}]}}