{"id":7790,"date":"2009-08-06T13:28:28","date_gmt":"2009-08-06T17:28:28","guid":{"rendered":"http:\/\/www.redenoticia.com.br\/noticia\/?p=7790"},"modified":"2009-08-06T13:28:28","modified_gmt":"2009-08-06T17:28:28","slug":"previsao-sul-06-a-0808","status":"publish","type":"post","link":"https:\/\/migracao.redenoticia.com.br\/noticia\/2009\/previsao-sul-06-a-0808\/7790","title":{"rendered":"Previs\u00e3o Sul 06 a 08\/08"},"content":{"rendered":"<p><a href=\"https:\/\/migracao.redenoticia.com.br\/noticia\/imagens\/\/satelite.jpg\"><img loading=\"lazy\" decoding=\"async\" class=\"alignleft size-full wp-image-6819\" title=\"satelite\" src=\"https:\/\/migracao.redenoticia.com.br\/noticia\/imagens\/\/satelite.jpg\" alt=\"satelite\" width=\"150\" height=\"113\" \/><\/a>Previs\u00e3o 06\/08\/2009: No centro-norte e leste do RS: nublado com chuva. No leste de SC: sol com varia\u00e7\u00e3o de nuvens com pancadas de chuva pela tarde. Nas demais \u00e1reas de SC e no extremo sul do PR: sol com varia\u00e7\u00e3o de nuvens com pancadas de chuva a qualquer momento. No oeste do PR: sol com varia\u00e7\u00e3o de nuvens com possibilidade de pancadas de chuva. No leste do PR: sol com varia\u00e7\u00e3o de nuvens com chuva de forma isolada. No centro-norte do PR: sol entre poucas nuvens. As temperaturas estar\u00e3o amenas no RS. Temperatura m\u00e1xima: 27C no norte do PR.\u00a0<\/p>\n<p>Previs\u00e3o 07\/08\/2009: Em grande parte do RS: sol entre muitas nuvens e pancadas de chuva. No sul do RS, no oeste de SC e no oeste e sul do PR: sol com varia\u00e7\u00e3o de nuvens com possibilidade de pancadas de chuva. No litoral de SC e do PR: nublado com chuva de forma isolada. No centro e interior leste de SC e em grande parte do PR: sol entre poucas nuvens. As temperaturas m\u00ednimas estar\u00e3o em decl\u00ednio no RS e SC. Temperatura m\u00e1xima: 26C no norte do PR. Temperatura m\u00ednima: 04C no sul do RS.<\/p>\n<p>Previs\u00e3o 08\/08\/2009: No RS: nublado com chuva localmente forte. No centro-oeste e sul de SC: sol com varia\u00e7\u00e3o de nuvens com pancadas de chuva. No leste e norte de SC: sol com nebulosidade vari\u00e1vel. No oeste do PR: sol com nebulosidade vari\u00e1vel com possibilidade de pancadas de chuva. Em grande parte do PR: predom\u00ednio de sol. As temperaturas estar\u00e3o amenas no RS.<\/p>\n<p>Tend\u00eancia: No RS e no oeste e extremo sul de SC: sol entre muitas nuvens com chuva localmente forte. Nas demais \u00e1reas de SC: sol com nebulosidade vari\u00e1vel com possibilidade de pancadas de chuva. No oeste do PR: nublado com chuva de forma isolada. Nas demais \u00e1reas do PR: sol entre poucas nuvens. As temperaturas estar\u00e3o amenas. Nos pr\u00f3ximos dois dias h\u00e1 chance de chuva no RS e SC.<\/p>\n","protected":false},"excerpt":{"rendered":"<p>Previs\u00e3o 06\/08\/2009: No centro-norte e leste do RS: nublado com chuva. No leste de SC: sol com varia\u00e7\u00e3o de nuvens com pancadas de chuva pela tarde. Nas demais \u00e1reas de SC e no extremo sul do PR: sol com varia\u00e7\u00e3o de nuvens com pancadas de chuva a qualquer momento. No oeste do PR: sol com [&hellip;]<\/p>\n","protected":false},"author":3,"featured_media":0,"comment_status":"open","ping_status":"open","sticky":false,"template":"","format":"standard","meta":{"tdm_status":"","tdm_grid_status":"","footnotes":""},"categories":[22,327],"tags":[],"class_list":{"0":"post-7790","1":"post","2":"type-post","3":"status-publish","4":"format-standard","6":"category-brasil","7":"category-clima"},"_links":{"self":[{"href":"https:\/\/migracao.redenoticia.com.br\/noticia\/wp-json\/wp\/v2\/posts\/7790","targetHints":{"allow":["GET"]}}],"collection":[{"href":"https:\/\/migracao.redenoticia.com.br\/noticia\/wp-json\/wp\/v2\/posts"}],"about":[{"href":"https:\/\/migracao.redenoticia.com.br\/noticia\/wp-json\/wp\/v2\/types\/post"}],"author":[{"embeddable":true,"href":"https:\/\/migracao.redenoticia.com.br\/noticia\/wp-json\/wp\/v2\/users\/3"}],"replies":[{"embeddable":true,"href":"https:\/\/migracao.redenoticia.com.br\/noticia\/wp-json\/wp\/v2\/comments?post=7790"}],"version-history":[{"count":0,"href":"https:\/\/migracao.redenoticia.com.br\/noticia\/wp-json\/wp\/v2\/posts\/7790\/revisions"}],"wp:attachment":[{"href":"https:\/\/migracao.redenoticia.com.br\/noticia\/wp-json\/wp\/v2\/media?parent=7790"}],"wp:term":[{"taxonomy":"category","embeddable":true,"href":"https:\/\/migracao.redenoticia.com.br\/noticia\/wp-json\/wp\/v2\/categories?post=7790"},{"taxonomy":"post_tag","embeddable":true,"href":"https:\/\/migracao.redenoticia.com.br\/noticia\/wp-json\/wp\/v2\/tags?post=7790"}],"curies":[{"name":"wp","href":"https:\/\/api.w.org\/{rel}","templated":true}]}}