{"id":77908,"date":"2015-11-24T15:53:23","date_gmt":"2015-11-24T17:53:23","guid":{"rendered":"http:\/\/www.redenoticia.com.br\/noticia\/?p=77908"},"modified":"2015-11-24T15:53:23","modified_gmt":"2015-11-24T17:53:23","slug":"destinos-que-valem-a-visita-no-natal","status":"publish","type":"post","link":"https:\/\/migracao.redenoticia.com.br\/noticia\/2015\/destinos-que-valem-a-visita-no-natal\/77908","title":{"rendered":"Destinos que valem a visita no Natal"},"content":{"rendered":"<p> Quem n\u00e3o escolheu um <strong><em>destino para viajar com a fam\u00edlia no Natal<\/em><\/strong> ainda d\u00e1 tempo. De olho no potencial tur\u00edstico das festas, muitas cidades est\u00e3o preparando uma programa\u00e7\u00e3o que inclui shows, decora\u00e7\u00e3o tem\u00e1tica, desfiles e feira natalina. Dados do Minist\u00e9rio do Turismo mostram que entre os brasileiros que pretendem viajar nessas f\u00e9rias, 84% o far\u00e1 dentro do Brasil, 6,5 pontos percentuais acima do registrado em igual per\u00edodo do ano passado. O fluxo de visitantes ajuda a movimentar a economia destes munic\u00edpios al\u00e9m de gerar emprego e renda extra. Para ajudar na escolha do destino, o Minist\u00e9rio do Turismo pesquisou a programa\u00e7\u00e3o de algumas cidades para curtir o Natal de 2015, dos mais tradicionais a alguns pouco conhecidos:<\/p>\n<p>Gramado (RS)<\/p>\n<p>Um dos destinos mais movimentados nesta \u00e9poca do ano, o pequeno munic\u00edpio ga\u00facho recebe, segundo os organizadores do Natal Luz, cerca de 2 milh\u00f5es de turistas por ano motivados pelas atra\u00e7\u00f5es de natal. A programa\u00e7\u00e3o de espet\u00e1culos \u00e9 intensa durante todo o m\u00eas de dezembro e inclui apresenta\u00e7\u00f5es como shows de m\u00e1gica, musicais, teatro e desfile. A lista das atra\u00e7\u00f5es programados para o Natal Luz pode ser acessada no site oficial do evento.<\/p>\n<p>Guararema (SP)<\/p>\n<p>A cidade do interior paulista prepara para 30 de novembro a cerim\u00f4nia \u201cAcender as Luzes\u201d. O evento ter\u00e1 show de rock gratuito e decora\u00e7\u00e3o com cerca de cinco milh\u00f5es de garrafas PET. O material foi retirado do lixo pela comunidade local. A cidade se mant\u00e9m decorada at\u00e9 o dia 5 de janeiro. Segundo a prefeitura, s\u00e3o esperados 500 mil visitantes durante o per\u00edodo das festas de fim de ano. A novidade para este ano \u00e9 a decora\u00e7\u00e3o da passarela Cassemiro Lemes da Silva, sobre o Rio Para\u00edba do Sul, que liga o Centro ao bairro Itaoca, um dos cart\u00f5es postais da cidade. Outros nove pontos tur\u00edsticos de Guararema, como pr\u00e9dios p\u00fablicos e algumas ruas da \u00e1rea central, tamb\u00e9m contar\u00e3o com a decora\u00e7\u00e3o tem\u00e1tica.<\/p>\n<p>Curitiba<\/p>\n<p>A programa\u00e7\u00e3o de Natal de Curitiba come\u00e7ou nesta segunda-feira (23) com a Feira Especial de Natal que acontece nas pra\u00e7as Os\u00f3rio e Santos Andrade, na regi\u00e3o central da cidade. A Feira \u00e9 uma grande oportunidade para curitibanos e visitantes adquirirem seus brinquedos, produtos artesanais e decora\u00e7\u00e3o, todos relacionados \u00e0 festa de Natal. A programa\u00e7\u00e3o inclui mais de 40 eventos confirmados entre apresenta\u00e7\u00f5es teatrais, pres\u00e9pios e shows. Entre os destaques est\u00e1 a Caminhatta de Natal, na Rua XV de Novembro e o Coral de Crian\u00e7as do Pal\u00e1cio Avenida. A novidade para este ano \u00e9 o Concerto Natalino que acontecer\u00e1 de 19 a 22 de dezembro, na \u00d3pera de Arame.<\/p>\n<p>S\u00e3o Paulo<\/p>\n<p>A prefeitura da maior cidade do pa\u00eds preparou, por meio da S\u00e3o Paulo Turismo, o Natal Iluminado, que enfeita v\u00e1rios pontos da capital. Dia 28 de novembro ser\u00e3o inauguradas a \u00c1rvore de Natal do Ibirapuera e as Caravanas Iluminadas. A \u00e1rvore gigante ter\u00e1 35 metros de altura por 15 metros de di\u00e2metro e uma estrela de quatro metros no topo. J\u00e1 as Caravanas Iluminadas ser\u00e3o compostas por seis carretas que circular\u00e3o por diferentes pontos e regi\u00f5es da cidade, com destino final sempre na \u00c1rvore do Ibirapuera. Cada um dos ve\u00edculos ter\u00e1 diferentes atra\u00e7\u00f5es, como Papai Noel e as renas, sistema de som e ilumina\u00e7\u00e3o.<\/p>\n<p>Minist\u00e9rio do Turismo<\/p>\n","protected":false},"excerpt":{"rendered":"<p>Quem n\u00e3o escolheu um destino para viajar com a fam\u00edlia no Natal ainda d\u00e1 tempo. De olho no potencial tur\u00edstico das festas, muitas cidades est\u00e3o preparando uma programa\u00e7\u00e3o que inclui shows, decora\u00e7\u00e3o tem\u00e1tica, desfiles e feira natalina. Dados do Minist\u00e9rio do Turismo mostram que entre os brasileiros que pretendem viajar nessas f\u00e9rias, 84% o far\u00e1 [&hellip;]<\/p>\n","protected":false},"author":2,"featured_media":32787,"comment_status":"open","ping_status":"closed","sticky":false,"template":"","format":"standard","meta":{"tdm_status":"","tdm_grid_status":"","footnotes":""},"categories":[22],"tags":[],"class_list":{"0":"post-77908","1":"post","2":"type-post","3":"status-publish","4":"format-standard","5":"has-post-thumbnail","7":"category-brasil"},"_links":{"self":[{"href":"https:\/\/migracao.redenoticia.com.br\/noticia\/wp-json\/wp\/v2\/posts\/77908","targetHints":{"allow":["GET"]}}],"collection":[{"href":"https:\/\/migracao.redenoticia.com.br\/noticia\/wp-json\/wp\/v2\/posts"}],"about":[{"href":"https:\/\/migracao.redenoticia.com.br\/noticia\/wp-json\/wp\/v2\/types\/post"}],"author":[{"embeddable":true,"href":"https:\/\/migracao.redenoticia.com.br\/noticia\/wp-json\/wp\/v2\/users\/2"}],"replies":[{"embeddable":true,"href":"https:\/\/migracao.redenoticia.com.br\/noticia\/wp-json\/wp\/v2\/comments?post=77908"}],"version-history":[{"count":0,"href":"https:\/\/migracao.redenoticia.com.br\/noticia\/wp-json\/wp\/v2\/posts\/77908\/revisions"}],"wp:featuredmedia":[{"embeddable":true,"href":"https:\/\/migracao.redenoticia.com.br\/noticia\/wp-json\/wp\/v2\/media\/32787"}],"wp:attachment":[{"href":"https:\/\/migracao.redenoticia.com.br\/noticia\/wp-json\/wp\/v2\/media?parent=77908"}],"wp:term":[{"taxonomy":"category","embeddable":true,"href":"https:\/\/migracao.redenoticia.com.br\/noticia\/wp-json\/wp\/v2\/categories?post=77908"},{"taxonomy":"post_tag","embeddable":true,"href":"https:\/\/migracao.redenoticia.com.br\/noticia\/wp-json\/wp\/v2\/tags?post=77908"}],"curies":[{"name":"wp","href":"https:\/\/api.w.org\/{rel}","templated":true}]}}