{"id":77910,"date":"2015-11-24T15:56:36","date_gmt":"2015-11-24T17:56:36","guid":{"rendered":"http:\/\/www.redenoticia.com.br\/noticia\/?p=77910"},"modified":"2015-11-24T16:10:21","modified_gmt":"2015-11-24T18:10:21","slug":"agencia-nao-ve-melhora-na-situacao-para-mudar-nota-negativa-dada-ao-brasil","status":"publish","type":"post","link":"https:\/\/migracao.redenoticia.com.br\/noticia\/2015\/agencia-nao-ve-melhora-na-situacao-para-mudar-nota-negativa-dada-ao-brasil\/77910","title":{"rendered":"Ag\u00eancia n\u00e3o v\u00ea melhora na situa\u00e7\u00e3o para mudar nota negativa dada ao Brasil"},"content":{"rendered":"<p>A presidenta da ag\u00eancia de avalia\u00e7\u00e3o de risco Standard &amp; Poor&#8217;s (S&amp;P) no Brasil, Regina Nunes, disse que a <strong><em>nota do Brasil<\/em><\/strong> permanece com uma perspectiva negativa no rating (classifica\u00e7\u00e3o de risco) da ag\u00eancia porque os resultados negativos ainda n\u00e3o se estabilizaram.<\/p>\n<p>A representante da S&amp;P no Brasil participou do semin\u00e1rio Reavalia\u00e7\u00e3o do Risco Brasil, promovido pela Funda\u00e7\u00e3o Get\u00falio Vargas (FGV), na sede da Federa\u00e7\u00e3o das Ind\u00fastrias do Estado do Rio de Janeiro (Firjan), no Rio.<\/p>\n<p>Regina Nunes disse que a nota do pa\u00eds (BB+) permanece atual, apesar de ter sido modificada em 28 de setembro, quando o Brasil perdeu o grau de investimento e manteve a perspectiva negativa, que significa que a tend\u00eancia \u00e9 que a pr\u00f3xima revis\u00e3o seja novamente para baixo.<\/p>\n<p>&#8220;Quando deixamos negativo \u00e9 porque n\u00e3o est\u00e1vamos vendo uma estabiliza\u00e7\u00e3o desses vetores que trouxeram o Brasil para o grau especulativo. N\u00e3o existe hoje uma vis\u00e3o do ponto de vista da S&amp;P de que isso vai ser modificado no curto prazo, e, portanto est\u00e1 negativo. Durante todo o tempo, estamos com o rating atualizado. Se for a nossa opini\u00e3o de que algo mudou, ele vai ser modificado&#8221;.<\/p>\n<p>O Brasil havia conquistado o grau de investimento concedido pela S&amp;P em 2008, e teve uma sinaliza\u00e7\u00e3o negativa em junho deste ano, que se confirmou com um rebaixamento em setembro.<\/p>\n<p>Como pontos negativos do Brasil, a ag\u00eancia aponta a necessidade de melhorar a infraestrutura e que o governo tem uma d\u00edvida mais alta que a dos outros pa\u00edses emergentes, com exce\u00e7\u00e3o da \u00cdndia. Al\u00e9m disso, o arcabou\u00e7o burocr\u00e1tico e de impostos s\u00e3o considerados impedimentos estruturais que reduzem a participa\u00e7\u00e3o dos investimentos no Produto Interno Bruto.<\/p>\n<p>Para a S&amp;P, o Brasil tem institui\u00e7\u00f5es pol\u00edticas bem estabelecidas, compar\u00e1veis a pa\u00edses que t\u00eam grau A. A economia \u00e9 descrita como diversificada e a d\u00edvida externa est\u00e1 em n\u00edveis administr\u00e1veis.<\/p>\n<p>Regina Nunes tamb\u00e9m destacou conquistas do pa\u00eds no per\u00edodo em que atingiu e manteve o grau de investimento, como ampliar as classes A e B para 30 milh\u00f5es de pessoas e incluir 40 milh\u00f5es na classe m\u00e9dia. Segundo ela, &#8220;O Brasil mudou de patamar&#8221;.<\/p>\n<p>Vin\u00edcius Lisboa &#8211; Rep\u00f3rter da Ag\u00eancia Brasil<br \/>\nEdi\u00e7\u00e3o: Jorge Wamburg<br \/>\n24\/11\/2015<\/p>\n","protected":false},"excerpt":{"rendered":"<p>A presidenta da ag\u00eancia de avalia\u00e7\u00e3o de risco Standard &amp; Poor&#8217;s (S&amp;P) no Brasil, Regina Nunes, disse que a nota do Brasil permanece com uma perspectiva negativa no rating (classifica\u00e7\u00e3o de risco) da ag\u00eancia porque os resultados negativos ainda n\u00e3o se estabilizaram. A representante da S&amp;P no Brasil participou do semin\u00e1rio Reavalia\u00e7\u00e3o do Risco Brasil, [&hellip;]<\/p>\n","protected":false},"author":2,"featured_media":38938,"comment_status":"open","ping_status":"closed","sticky":false,"template":"","format":"standard","meta":{"tdm_status":"","tdm_grid_status":"","footnotes":""},"categories":[22,7],"tags":[],"class_list":{"0":"post-77910","1":"post","2":"type-post","3":"status-publish","4":"format-standard","5":"has-post-thumbnail","7":"category-brasil","8":"category-economia"},"_links":{"self":[{"href":"https:\/\/migracao.redenoticia.com.br\/noticia\/wp-json\/wp\/v2\/posts\/77910","targetHints":{"allow":["GET"]}}],"collection":[{"href":"https:\/\/migracao.redenoticia.com.br\/noticia\/wp-json\/wp\/v2\/posts"}],"about":[{"href":"https:\/\/migracao.redenoticia.com.br\/noticia\/wp-json\/wp\/v2\/types\/post"}],"author":[{"embeddable":true,"href":"https:\/\/migracao.redenoticia.com.br\/noticia\/wp-json\/wp\/v2\/users\/2"}],"replies":[{"embeddable":true,"href":"https:\/\/migracao.redenoticia.com.br\/noticia\/wp-json\/wp\/v2\/comments?post=77910"}],"version-history":[{"count":0,"href":"https:\/\/migracao.redenoticia.com.br\/noticia\/wp-json\/wp\/v2\/posts\/77910\/revisions"}],"wp:featuredmedia":[{"embeddable":true,"href":"https:\/\/migracao.redenoticia.com.br\/noticia\/wp-json\/wp\/v2\/media\/38938"}],"wp:attachment":[{"href":"https:\/\/migracao.redenoticia.com.br\/noticia\/wp-json\/wp\/v2\/media?parent=77910"}],"wp:term":[{"taxonomy":"category","embeddable":true,"href":"https:\/\/migracao.redenoticia.com.br\/noticia\/wp-json\/wp\/v2\/categories?post=77910"},{"taxonomy":"post_tag","embeddable":true,"href":"https:\/\/migracao.redenoticia.com.br\/noticia\/wp-json\/wp\/v2\/tags?post=77910"}],"curies":[{"name":"wp","href":"https:\/\/api.w.org\/{rel}","templated":true}]}}