{"id":7793,"date":"2009-08-06T14:07:42","date_gmt":"2009-08-06T18:07:42","guid":{"rendered":"http:\/\/www.redenoticia.com.br\/noticia\/?p=7793"},"modified":"2009-08-06T14:07:42","modified_gmt":"2009-08-06T18:07:42","slug":"educacao-no-transito-vivenciada-nas-escolas-de-ji-parana-rondonia","status":"publish","type":"post","link":"https:\/\/migracao.redenoticia.com.br\/noticia\/2009\/educacao-no-transito-vivenciada-nas-escolas-de-ji-parana-rondonia\/7793","title":{"rendered":"Educa\u00e7\u00e3o no tr\u00e2nsito vivenciada nas escolas de Ji-Paran\u00e1 (Rond\u00f4nia)"},"content":{"rendered":"<p>A equipe de Educa\u00e7\u00e3o de Tr\u00e2nsito do Departamento Estadual de Tr\u00e2nsito (DETRAN) de Ji-Paran\u00e1 em parceria com o Projeto Integra\u00e7\u00e3o AABB Comunidade realizou na manh\u00e3 de hoje (6) um trabalho de sensibiliza\u00e7\u00e3o sobre seguran\u00e7a no tr\u00e2nsito para crian\u00e7as da escola de ensino Fundamental, Girassol.<\/p>\n<p>De acordo com a coordenadora de tr\u00e2nsito da Ciretran de Ji-Paran\u00e1, Solange Boaventura, o objetivo da a\u00e7\u00e3o \u00e9 ensinar de forma pr\u00e1tica conceitos de tr\u00e2nsito para crian\u00e7as. No caso do projeto desenvolvido pela AABB, que trabalha com m\u00fasica e dramatiza\u00e7\u00e3o, as mensagens s\u00e3o transmitidas de crian\u00e7a para crian\u00e7a. \u201cDe forma divertida, as crian\u00e7as aprendem e colocam em pr\u00e1tica medidas preventivas no tr\u00e2nsito. O DETRAN tem buscado esta parceria e a AABB. Al\u00e9m de contribuir com as crian\u00e7as que atende pelo projeto, tem colaborado com a educa\u00e7\u00e3o de tr\u00e2nsito do DETRAN, divulgando em escolas e empresas da necessidade de mudan\u00e7a de comportamento no tr\u00e2nsito\u201d, disse Solange.<\/p>\n<p>Para a professora Lucirene Gomes, a\u00e7\u00f5es como esta s\u00f3 contribuem para a forma\u00e7\u00e3o das crian\u00e7as. \u201cVejo que as crian\u00e7as t\u00eam muita facilidade de aprender e \u00f3timas divulgadoras. Elas aprendem, praticam o que foi ensinada e repassa outras pessoas\u201d, observou a professora.<\/p>\n<p>A AABB Comunidade atende em Ji-Paran\u00e1 cerca de cem crian\u00e7as entre 6 e 17 anos, em risco de exclus\u00e3o social. Os atendimentos s\u00e3o realizados tr\u00eas vezes por semana de manh\u00e3 e tarde, sempre no contra turno da atividade escolar. As crian\u00e7as participam de atividades l\u00fadicas pedag\u00f3gicas nas \u00e1reas da m\u00fasica, dan\u00e7a, teatro, educa\u00e7\u00e3o art\u00edstica, esporte al\u00e9m de atividades direcionadas a higiene, sa\u00fade e cidadania.<\/p>\n","protected":false},"excerpt":{"rendered":"<p>A equipe de Educa\u00e7\u00e3o de Tr\u00e2nsito do Departamento Estadual de Tr\u00e2nsito (DETRAN) de Ji-Paran\u00e1 em parceria com o Projeto Integra\u00e7\u00e3o AABB Comunidade realizou na manh\u00e3 de hoje (6) um trabalho de sensibiliza\u00e7\u00e3o sobre seguran\u00e7a no tr\u00e2nsito para crian\u00e7as da escola de ensino Fundamental, Girassol. De acordo com a coordenadora de tr\u00e2nsito da Ciretran de Ji-Paran\u00e1, [&hellip;]<\/p>\n","protected":false},"author":2,"featured_media":0,"comment_status":"open","ping_status":"open","sticky":false,"template":"","format":"standard","meta":{"tdm_status":"","tdm_grid_status":"","footnotes":""},"categories":[22],"tags":[],"class_list":{"0":"post-7793","1":"post","2":"type-post","3":"status-publish","4":"format-standard","6":"category-brasil"},"_links":{"self":[{"href":"https:\/\/migracao.redenoticia.com.br\/noticia\/wp-json\/wp\/v2\/posts\/7793","targetHints":{"allow":["GET"]}}],"collection":[{"href":"https:\/\/migracao.redenoticia.com.br\/noticia\/wp-json\/wp\/v2\/posts"}],"about":[{"href":"https:\/\/migracao.redenoticia.com.br\/noticia\/wp-json\/wp\/v2\/types\/post"}],"author":[{"embeddable":true,"href":"https:\/\/migracao.redenoticia.com.br\/noticia\/wp-json\/wp\/v2\/users\/2"}],"replies":[{"embeddable":true,"href":"https:\/\/migracao.redenoticia.com.br\/noticia\/wp-json\/wp\/v2\/comments?post=7793"}],"version-history":[{"count":0,"href":"https:\/\/migracao.redenoticia.com.br\/noticia\/wp-json\/wp\/v2\/posts\/7793\/revisions"}],"wp:attachment":[{"href":"https:\/\/migracao.redenoticia.com.br\/noticia\/wp-json\/wp\/v2\/media?parent=7793"}],"wp:term":[{"taxonomy":"category","embeddable":true,"href":"https:\/\/migracao.redenoticia.com.br\/noticia\/wp-json\/wp\/v2\/categories?post=7793"},{"taxonomy":"post_tag","embeddable":true,"href":"https:\/\/migracao.redenoticia.com.br\/noticia\/wp-json\/wp\/v2\/tags?post=7793"}],"curies":[{"name":"wp","href":"https:\/\/api.w.org\/{rel}","templated":true}]}}