{"id":78,"date":"2009-04-02T11:59:00","date_gmt":"2009-04-02T14:59:00","guid":{"rendered":"http:\/\/www.redenoticia.com.br\/noticia\/?p=78"},"modified":"2009-04-10T00:53:33","modified_gmt":"2009-04-10T03:53:33","slug":"presidente-da-camara-de-ji-parana-acompanha-obras-na-cidade","status":"publish","type":"post","link":"https:\/\/migracao.redenoticia.com.br\/noticia\/2009\/presidente-da-camara-de-ji-parana-acompanha-obras-na-cidade\/78","title":{"rendered":"Presidente da C\u00e2mara de Ji-Paran\u00e1 acompanha obras na cidade"},"content":{"rendered":"<p><span style=\"FONT-SIZE: small; FONT-FAMILY: 'Times New Roman'\"><img loading=\"lazy\" decoding=\"async\" class=\"alignleft\" src=\"http:\/\/farm4.static.flickr.com\/3648\/3407191304_6c4459c8df_m.jpg\" alt=\"\" width=\"240\" height=\"160\" \/>O vereador Nilton Cezar Rios, presidente da C\u00e2mara de Ji-Paran\u00e1, esteve acompanhando a Secretaria de Obras durante a constru\u00e7\u00e3o de pontes e bueiros nas rua T-8, T-9 e T-10 no segundo distrito da cidade e no travess\u00e3o da linha Universo, setor Itapirema.<\/span><\/p>\n<p><span style=\"FONT-SIZE: small; FONT-FAMILY: 'Times New Roman'\">Nilton Cezar ressaltou que mesmo em per\u00edodo chuvoso a Secretaria de Obras est\u00e1 trabalhando em v\u00e1rias frentes de trabalho, buscando atender a popula\u00e7\u00e3o, no entanto, a cidade est\u00e1 com muitos pontos cr\u00edticos e os servidores da pasta est\u00e3o trabalhando nos pontos de maior urg\u00eancia.<\/span><\/p>\n<p><span style=\"FONT-SIZE: small; FONT-FAMILY: 'Times New Roman'\">&#8220;No Travess\u00e3o da Linha Universo, onde a ponte antiga n\u00e3o oferecia seguran\u00e7a para o trafego e os moradores estavam prestem a ficarem isolados, a secret\u00e1ria de obras atendeu de prontid\u00e3o nosso requerimento e resolveu o problema com uma nova ponte&#8221;, citou o vereador.<\/span><\/p>\n<p><span style=\"FONT-SIZE: small; FONT-FAMILY: 'Times New Roman'\">Nilton afirmou ainda que os vereadores, prefeito Jos\u00e9 Bianco e os dois deputados estaduais, reivindicaram ao Governador Ivo Cassol que adiante a vinda do Programa Cidade Limpa para o munic\u00edpio de Ji-Paran\u00e1. &#8220;As maquinas, segundo o cronograma apresentado pelo governo do Estado, trabalhar\u00e3o em Ouro Preto e depois seguir\u00e3o para Vilhena. Nosso pedido junto ao Governador \u00e9 que Ji-Paran\u00e1 receba o Programa t\u00e3o logo a cidade de Ouro Preto seja atendida&#8221;, concluiu.<\/span><\/p>\n","protected":false},"excerpt":{"rendered":"<p>O vereador Nilton Cezar Rios, presidente da C\u00e2mara de Ji-Paran\u00e1, esteve acompanhando a Secretaria de Obras durante a constru\u00e7\u00e3o de pontes e bueiros nas rua T-8, T-9 e T-10 no segundo distrito da cidade e no travess\u00e3o da linha Universo, setor Itapirema. Nilton Cezar ressaltou que mesmo em per\u00edodo chuvoso a Secretaria de Obras est\u00e1 [&hellip;]<\/p>\n","protected":false},"author":2,"featured_media":0,"comment_status":"open","ping_status":"open","sticky":false,"template":"","format":"standard","meta":{"tdm_status":"","tdm_grid_status":"","footnotes":""},"categories":[22],"tags":[],"class_list":{"0":"post-78","1":"post","2":"type-post","3":"status-publish","4":"format-standard","6":"category-brasil"},"_links":{"self":[{"href":"https:\/\/migracao.redenoticia.com.br\/noticia\/wp-json\/wp\/v2\/posts\/78","targetHints":{"allow":["GET"]}}],"collection":[{"href":"https:\/\/migracao.redenoticia.com.br\/noticia\/wp-json\/wp\/v2\/posts"}],"about":[{"href":"https:\/\/migracao.redenoticia.com.br\/noticia\/wp-json\/wp\/v2\/types\/post"}],"author":[{"embeddable":true,"href":"https:\/\/migracao.redenoticia.com.br\/noticia\/wp-json\/wp\/v2\/users\/2"}],"replies":[{"embeddable":true,"href":"https:\/\/migracao.redenoticia.com.br\/noticia\/wp-json\/wp\/v2\/comments?post=78"}],"version-history":[{"count":0,"href":"https:\/\/migracao.redenoticia.com.br\/noticia\/wp-json\/wp\/v2\/posts\/78\/revisions"}],"wp:attachment":[{"href":"https:\/\/migracao.redenoticia.com.br\/noticia\/wp-json\/wp\/v2\/media?parent=78"}],"wp:term":[{"taxonomy":"category","embeddable":true,"href":"https:\/\/migracao.redenoticia.com.br\/noticia\/wp-json\/wp\/v2\/categories?post=78"},{"taxonomy":"post_tag","embeddable":true,"href":"https:\/\/migracao.redenoticia.com.br\/noticia\/wp-json\/wp\/v2\/tags?post=78"}],"curies":[{"name":"wp","href":"https:\/\/api.w.org\/{rel}","templated":true}]}}