{"id":7801,"date":"2009-08-06T14:16:27","date_gmt":"2009-08-06T18:16:27","guid":{"rendered":"http:\/\/www.redenoticia.com.br\/noticia\/?p=7801"},"modified":"2009-08-06T14:16:27","modified_gmt":"2009-08-06T18:16:27","slug":"broi-demite-mais-11-mil-funcionarios-em-todo-o-brasil","status":"publish","type":"post","link":"https:\/\/migracao.redenoticia.com.br\/noticia\/2009\/broi-demite-mais-11-mil-funcionarios-em-todo-o-brasil\/7801","title":{"rendered":"BROi demite mais 1,1 mil funcion\u00e1rios em todo o Brasil"},"content":{"rendered":"<p>A BrOi, empresa que fundiu a Oi Telecomunica\u00e7\u00e3o e a Brasil Telecom, com atua\u00e7\u00e3o em 10 Estados brasileiros, demitiu nessa semana mais 1100 funcion\u00e1rios em todo o Brasil, 450 s\u00f3 no Distrito Federal, chegando ao total de 1260 demitidos, entre funcion\u00e1rios e terceirizados. Movidos por essa nova leva de demiss\u00f5es, os representantes dos trabalhadores em telecomunica\u00e7\u00f5es e representantes da empresa se reuniram na \u00faltima segunda-feira (3), em Bras\u00edlia (DF), com o procurador-geral do trabalho, Ot\u00e1vio Brito Lopes, para discutir solu\u00e7\u00f5es para a quest\u00e3o.<\/p>\n<p>Na audi\u00eancia, os representantes da Federa\u00e7\u00e3o Interestadual dos Trabalhadores em Telecomunica\u00e7\u00f5es (Fittel), do Sindicato dos Trabalhadores em Telecomunica\u00e7\u00f5es do Distrito Federal (Sinttel\/DF) e os advogados Claudio Santos e Paulo Lemgruber, advogados da entidade, lembraram que o objetivo das negocia\u00e7\u00f5es \u00e9 evitar maiores demiss\u00f5es e garantir a manuten\u00e7\u00e3o dos postos qualitativos de trabalho e n\u00e3o apenas quantitativos, como defende a empresa. A Fittel prev\u00ea que at\u00e9 8 mil pessoas possam ser demitidas em todo o pa\u00eds, incluindo Acre, Rond\u00f4nia, Tocantins, Mato Grosso, Mato Grosso do Sul, Goi\u00e1s, Paran\u00e1, Santa Catarina, Rio Grande do Sul, al\u00e9m do DF.<\/p>\n<p>Vista a necessidade de maior di\u00e1logo sobre o tema, foi marcada uma nova reuni\u00e3o para que seja dada seq\u00fc\u00eancia nas negocia\u00e7\u00f5es mediadas pelo Minist\u00e9rio P\u00fablico do Trabalho. Solicitado pelo procurador Ot\u00e1vio Brito, a empresa se comprometeu a apresentar as movimenta\u00e7\u00f5es registradas no Cadastro Geral de Empregados e Desempregados (CAGED) desde janeiro de 2009, referente \u00e0 base da Fittel. A nova reuni\u00e3o foi marcada para o dia 31 de agosto na Procuradoria Geral do Trabalho, em Bras\u00edlia (DF).<\/p>\n","protected":false},"excerpt":{"rendered":"<p>A BrOi, empresa que fundiu a Oi Telecomunica\u00e7\u00e3o e a Brasil Telecom, com atua\u00e7\u00e3o em 10 Estados brasileiros, demitiu nessa semana mais 1100 funcion\u00e1rios em todo o Brasil, 450 s\u00f3 no Distrito Federal, chegando ao total de 1260 demitidos, entre funcion\u00e1rios e terceirizados. Movidos por essa nova leva de demiss\u00f5es, os representantes dos trabalhadores em [&hellip;]<\/p>\n","protected":false},"author":2,"featured_media":0,"comment_status":"open","ping_status":"open","sticky":false,"template":"","format":"standard","meta":{"tdm_status":"","tdm_grid_status":"","footnotes":""},"categories":[22],"tags":[],"class_list":{"0":"post-7801","1":"post","2":"type-post","3":"status-publish","4":"format-standard","6":"category-brasil"},"_links":{"self":[{"href":"https:\/\/migracao.redenoticia.com.br\/noticia\/wp-json\/wp\/v2\/posts\/7801","targetHints":{"allow":["GET"]}}],"collection":[{"href":"https:\/\/migracao.redenoticia.com.br\/noticia\/wp-json\/wp\/v2\/posts"}],"about":[{"href":"https:\/\/migracao.redenoticia.com.br\/noticia\/wp-json\/wp\/v2\/types\/post"}],"author":[{"embeddable":true,"href":"https:\/\/migracao.redenoticia.com.br\/noticia\/wp-json\/wp\/v2\/users\/2"}],"replies":[{"embeddable":true,"href":"https:\/\/migracao.redenoticia.com.br\/noticia\/wp-json\/wp\/v2\/comments?post=7801"}],"version-history":[{"count":0,"href":"https:\/\/migracao.redenoticia.com.br\/noticia\/wp-json\/wp\/v2\/posts\/7801\/revisions"}],"wp:attachment":[{"href":"https:\/\/migracao.redenoticia.com.br\/noticia\/wp-json\/wp\/v2\/media?parent=7801"}],"wp:term":[{"taxonomy":"category","embeddable":true,"href":"https:\/\/migracao.redenoticia.com.br\/noticia\/wp-json\/wp\/v2\/categories?post=7801"},{"taxonomy":"post_tag","embeddable":true,"href":"https:\/\/migracao.redenoticia.com.br\/noticia\/wp-json\/wp\/v2\/tags?post=7801"}],"curies":[{"name":"wp","href":"https:\/\/api.w.org\/{rel}","templated":true}]}}