{"id":7804,"date":"2009-08-06T14:20:17","date_gmt":"2009-08-06T18:20:17","guid":{"rendered":"http:\/\/www.redenoticia.com.br\/noticia\/?p=7804"},"modified":"2009-08-06T14:20:17","modified_gmt":"2009-08-06T18:20:17","slug":"porto-velho-rondonia-promove-concurso-para-agente-de-transito","status":"publish","type":"post","link":"https:\/\/migracao.redenoticia.com.br\/noticia\/2009\/porto-velho-rondonia-promove-concurso-para-agente-de-transito\/7804","title":{"rendered":"Porto Velho (Rond\u00f4nia) promove concurso para agente de tr\u00e2nsito"},"content":{"rendered":"<p>Os aprovados nesse Concurso P\u00fablico ingressar\u00e3o no Quadro de Pessoal da Prefeitura Municipal de Porto Velho, sujeitando-se ao Regime Estatut\u00e1rio. Est\u00e3o sendo disponibilizadas 50 vagas imediatas e 80 para forma\u00e7\u00e3o de cadastro reserva. A carga hor\u00e1ria \u00e9 de 40 horas semanais e a escolaridade exigida para o cargo \u00e9 n\u00edvel m\u00e9dio. Taxa de Inscri\u00e7\u00e3o: R$ 40,00.<\/p>\n<p>O Concurso P\u00fablico ser\u00e1 composto de Prova Objetiva, Teste de Aptid\u00e3o F\u00edsica, Avalia\u00e7\u00e3o Psicol\u00f3gica e Curso de Forma\u00e7\u00e3o Profissional.\u00a0Todas as etapas ser\u00e3o aplicadas na cidade de Porto Velho.<\/p>\n<p>O candidato a este cargo que tiver solicitado isen\u00e7\u00e3o da taxa de inscri\u00e7\u00e3o no Concurso P\u00fablico \u2013 Edital n\u00ba 46\/2009\/SEMAD (j\u00e1 em andamento), ter\u00e1 seu processo, automaticamente, remanejado para o presente concurso, n\u00e3o havendo necessidade de fazer uma nova solicita\u00e7\u00e3o. O candidato que tiver efetuado sua inscri\u00e7\u00e3o anteriormente e que n\u00e3o desejar permanecer no presente concurso ter\u00e1 direito ao ressarcimento da taxa de inscri\u00e7\u00e3o paga, devendo, para isso, fazer sua solicita\u00e7\u00e3o no Posto de Atendimento ou por e-mail (o mesmo informado na ficha de inscri\u00e7\u00e3o) ou fax (21) 2621-0966, informando dados banc\u00e1rios completos. O candidato que optar por permanecer no presente concurso p\u00fablico dever\u00e1 tomar conhecimento das normas e condi\u00e7\u00f5es estabelecidas no\u00a0EDITAL N\u00ba 56\/2009\/SEMAD, incluindo seus Anexos e o Manual do Candidato.<\/p>\n<p>N\u00e3o ser\u00e1 concedida isen\u00e7\u00e3o total ou parcial da taxa de inscri\u00e7\u00e3o, ressalvado o caso de Doadores de Sangue, previsto na Lei n\u00ba 1.505 de 13 de mar\u00e7o de 2003, do Munic\u00edpio de Porto Velho em vigor, regulamentada pelo Decreto n\u00ba 10.773 de 25\/07\/2007.\u00a0\u00a0Per\u00edodo para solicita\u00e7\u00e3o de isen\u00e7\u00e3o: 04\/08 a 06\/08\/09, conforme regras constantes no Edital.<\/p>\n<p>\u00c0s pessoas portadoras de defici\u00eancia, amparadas pelo inciso VIII do artigo 37, da Constitui\u00e7\u00e3o Federal, na forma da Lei n\u00b0. 515 de 4 de outubro de 1993 e,\u00a0\u00a0nos termos do presente Edital, ser\u00e1 reservado o percentual de 10% (dez por cento) do total das vagas oferecidas no Concurso P\u00fablico, em obedi\u00eancia \u00e0 Lei Org\u00e2nica do Munic\u00edpio.<\/p>\n<p>AG\u00caNCIAS CREDENCIADAS DOS CORREIOS PARA AS INSCRI\u00c7\u00d5ES:<\/p>\n<p>&#8211; AC Central de Porto Velho \u2013 Av. Pres. Dutra, 2701 \u2013 Centro \u2013 Porto Velho<\/p>\n<p>&#8211; AC Vila Extrema \u2013 Rua Abun\u00e3, 3107, setor 03 \u2013 Centro \/ Extrema<\/p>\n<p>&#8211; AC Jatuarana \u2013 Rua Jatuarana, 4051 \u2013 Jardim Eldorado \u2013 Porto Velho<\/p>\n<p>&#8211; AC Tancredo Neves \u2013 Rua Jos\u00e9 Amador dos Reis, 3606 \u2013 Tancredo Neves \u2013 Porto Velho<\/p>\n<p>&#8211; AC S. Sebasti\u00e3o \u2013 Av. dos Imigrantes, 2137 \u2013 S. Sebasti\u00e3o I \u2013 Porto Velho<\/p>\n<p>OS CANDIDATOS PODER\u00c3O OBTER INFORMA\u00c7\u00d5ES GERAIS REFERENTES AO CONCURSO P\u00daBLICO ATRAV\u00c9S DO PORTAL<a href=\"http:\/\/WWW.FUNCAB.ORG\" target=\"_blank\">WWW.FUNCAB.ORG<\/a>,, PELOS TELEFONES (21) 2621-0966 E\u00a0(69) 3224-5460\u00a0OU NO POSTO DE ATENDIMENTO \u2013 AVENIDA SETE DE SETEMBRO, N\u00ba 830 \u2013 CENTRO \u2013 PORTO VELHO\/RO (DE SEGUNDA \u00c0 SEXTA-FEIRA, EXCETO FERIADOS, DE 8H \u00c0S 12H E DE 14H \u00c0S 18H \u2013 HOR\u00c1RIO DE ROND\u00d4NIA).<\/p>\n","protected":false},"excerpt":{"rendered":"<p>Os aprovados nesse Concurso P\u00fablico ingressar\u00e3o no Quadro de Pessoal da Prefeitura Municipal de Porto Velho, sujeitando-se ao Regime Estatut\u00e1rio. Est\u00e3o sendo disponibilizadas 50 vagas imediatas e 80 para forma\u00e7\u00e3o de cadastro reserva. A carga hor\u00e1ria \u00e9 de 40 horas semanais e a escolaridade exigida para o cargo \u00e9 n\u00edvel m\u00e9dio. Taxa de Inscri\u00e7\u00e3o: R$ [&hellip;]<\/p>\n","protected":false},"author":2,"featured_media":0,"comment_status":"open","ping_status":"open","sticky":false,"template":"","format":"standard","meta":{"tdm_status":"","tdm_grid_status":"","footnotes":""},"categories":[22],"tags":[],"class_list":{"0":"post-7804","1":"post","2":"type-post","3":"status-publish","4":"format-standard","6":"category-brasil"},"_links":{"self":[{"href":"https:\/\/migracao.redenoticia.com.br\/noticia\/wp-json\/wp\/v2\/posts\/7804","targetHints":{"allow":["GET"]}}],"collection":[{"href":"https:\/\/migracao.redenoticia.com.br\/noticia\/wp-json\/wp\/v2\/posts"}],"about":[{"href":"https:\/\/migracao.redenoticia.com.br\/noticia\/wp-json\/wp\/v2\/types\/post"}],"author":[{"embeddable":true,"href":"https:\/\/migracao.redenoticia.com.br\/noticia\/wp-json\/wp\/v2\/users\/2"}],"replies":[{"embeddable":true,"href":"https:\/\/migracao.redenoticia.com.br\/noticia\/wp-json\/wp\/v2\/comments?post=7804"}],"version-history":[{"count":0,"href":"https:\/\/migracao.redenoticia.com.br\/noticia\/wp-json\/wp\/v2\/posts\/7804\/revisions"}],"wp:attachment":[{"href":"https:\/\/migracao.redenoticia.com.br\/noticia\/wp-json\/wp\/v2\/media?parent=7804"}],"wp:term":[{"taxonomy":"category","embeddable":true,"href":"https:\/\/migracao.redenoticia.com.br\/noticia\/wp-json\/wp\/v2\/categories?post=7804"},{"taxonomy":"post_tag","embeddable":true,"href":"https:\/\/migracao.redenoticia.com.br\/noticia\/wp-json\/wp\/v2\/tags?post=7804"}],"curies":[{"name":"wp","href":"https:\/\/api.w.org\/{rel}","templated":true}]}}