{"id":7807,"date":"2009-08-06T14:24:27","date_gmt":"2009-08-06T18:24:27","guid":{"rendered":"http:\/\/www.redenoticia.com.br\/noticia\/?p=7807"},"modified":"2009-08-06T14:24:27","modified_gmt":"2009-08-06T18:24:27","slug":"unimed-de-ji-parana-rondonia-discute-com-empresarios-mundancas-nas-regras-dos-planos-de-saude","status":"publish","type":"post","link":"https:\/\/migracao.redenoticia.com.br\/noticia\/2009\/unimed-de-ji-parana-rondonia-discute-com-empresarios-mundancas-nas-regras-dos-planos-de-saude\/7807","title":{"rendered":"UNIMED de Ji-Paran\u00e1 (Rond\u00f4nia) discute com empres\u00e1rios mundan\u00e7as nas regras dos Planos de Saude"},"content":{"rendered":"<p>Dirigentes da CDL, Emprecred, Ji-Cred, Ourocred, Facer, Credip e Acijip estiveram reunidos, na \u00faltima quarta-feira, na Unimed Ji-Paran\u00e1, para tratar das novas regras publicadas pela Ag\u00eancia Nacional de Sa\u00fade Suplementar (ANS), que tornam ainda mais segura a contrata\u00e7\u00e3o de planos de sa\u00fade pelos consumidores. A Cooperativa convidou as entidades para explicar as mudan\u00e7as e esclarecer poss\u00edveis d\u00favidas.<\/p>\n<p>Os planos coletivos s\u00e3o o foco principal das medidas adotadas, que, entre outras coisas, s\u00f3 poder\u00e3o ter agora um reajuste por ano. As decis\u00f5es, publicadas no Di\u00e1rio da Uni\u00e3o, est\u00e3o contidas nas resolu\u00e7\u00f5es 195 e 196, que passam a valer a partir do pr\u00f3ximo dia 15.<\/p>\n<p>A mudan\u00e7a mais significativa co\u00edbe a falsa coletiviza\u00e7\u00e3o. A partir de agora, os grupos que podem atuar como intermedi\u00e1rios na contrata\u00e7\u00e3o de planos coletivos por ades\u00e3o s\u00e3o os que mantenham liga\u00e7\u00f5es profissionais de classe ou setorial com o usu\u00e1rio final, ou seja, conselhos profissionais, associa\u00e7\u00f5es, sindicatos, entre outras entidades do g\u00eanero. Al\u00e9m disso, as entidades devem ser registradas na ANS como administradoras de benef\u00edcio.<\/p>\n<p>Al\u00e9m de melhor definir conceitos e de regulamentar a contrata\u00e7\u00e3o de planos coletivos por ades\u00e3o, a Resolu\u00e7\u00e3o Normativa 195 institui a orienta\u00e7\u00e3o aos benefici\u00e1rios. Segundo a ANS, os folhetos dever\u00e3o conter: prazos de car\u00eancia, vig\u00eancia do contrato, crit\u00e9rios de reajuste, segmenta\u00e7\u00e3o assistencial e abrang\u00eancia geogr\u00e1fica.<\/p>\n<p>J\u00e1 a Resolu\u00e7\u00e3o Normativa 196 define a atua\u00e7\u00e3o das administradoras de benef\u00edcio, proibindo a sele\u00e7\u00e3o de risco e a imposi\u00e7\u00e3o de barreiras assistenciais, que venham a impedir o acesso do benefici\u00e1rio \u00e0s coberturas previstas em contrato.<\/p>\n","protected":false},"excerpt":{"rendered":"<p>Dirigentes da CDL, Emprecred, Ji-Cred, Ourocred, Facer, Credip e Acijip estiveram reunidos, na \u00faltima quarta-feira, na Unimed Ji-Paran\u00e1, para tratar das novas regras publicadas pela Ag\u00eancia Nacional de Sa\u00fade Suplementar (ANS), que tornam ainda mais segura a contrata\u00e7\u00e3o de planos de sa\u00fade pelos consumidores. A Cooperativa convidou as entidades para explicar as mudan\u00e7as e esclarecer [&hellip;]<\/p>\n","protected":false},"author":2,"featured_media":0,"comment_status":"open","ping_status":"open","sticky":false,"template":"","format":"standard","meta":{"tdm_status":"","tdm_grid_status":"","footnotes":""},"categories":[22,5],"tags":[],"class_list":{"0":"post-7807","1":"post","2":"type-post","3":"status-publish","4":"format-standard","6":"category-brasil","7":"category-saude-e-vida"},"_links":{"self":[{"href":"https:\/\/migracao.redenoticia.com.br\/noticia\/wp-json\/wp\/v2\/posts\/7807","targetHints":{"allow":["GET"]}}],"collection":[{"href":"https:\/\/migracao.redenoticia.com.br\/noticia\/wp-json\/wp\/v2\/posts"}],"about":[{"href":"https:\/\/migracao.redenoticia.com.br\/noticia\/wp-json\/wp\/v2\/types\/post"}],"author":[{"embeddable":true,"href":"https:\/\/migracao.redenoticia.com.br\/noticia\/wp-json\/wp\/v2\/users\/2"}],"replies":[{"embeddable":true,"href":"https:\/\/migracao.redenoticia.com.br\/noticia\/wp-json\/wp\/v2\/comments?post=7807"}],"version-history":[{"count":0,"href":"https:\/\/migracao.redenoticia.com.br\/noticia\/wp-json\/wp\/v2\/posts\/7807\/revisions"}],"wp:attachment":[{"href":"https:\/\/migracao.redenoticia.com.br\/noticia\/wp-json\/wp\/v2\/media?parent=7807"}],"wp:term":[{"taxonomy":"category","embeddable":true,"href":"https:\/\/migracao.redenoticia.com.br\/noticia\/wp-json\/wp\/v2\/categories?post=7807"},{"taxonomy":"post_tag","embeddable":true,"href":"https:\/\/migracao.redenoticia.com.br\/noticia\/wp-json\/wp\/v2\/tags?post=7807"}],"curies":[{"name":"wp","href":"https:\/\/api.w.org\/{rel}","templated":true}]}}