{"id":78138,"date":"2015-11-30T14:58:14","date_gmt":"2015-11-30T16:58:14","guid":{"rendered":"http:\/\/www.redenoticia.com.br\/noticia\/?p=78138"},"modified":"2015-11-30T14:58:14","modified_gmt":"2015-11-30T16:58:14","slug":"paises-baixos-querem-parceria-em-pesquisa-sobre-biocombustiveis","status":"publish","type":"post","link":"https:\/\/migracao.redenoticia.com.br\/noticia\/2015\/paises-baixos-querem-parceria-em-pesquisa-sobre-biocombustiveis\/78138","title":{"rendered":"Pa\u00edses Baixos querem parceria em pesquisa sobre biocombust\u00edveis"},"content":{"rendered":"<p>Ag\u00eancia FAPESP \u2013 O governo dos Pa\u00edses Baixos dever\u00e1 destinar substancial apoio financeiro para o desenvolvimento de parceria p\u00fablico-privada entre institui\u00e7\u00f5es holandesas e brasileiras no setor de <strong><em>biocombust\u00edveis<\/em><\/strong>. Os valores do financiamento ainda n\u00e3o foram definidos. Mas a expectativa \u00e9 de um salto de qualidade na colabora\u00e7\u00e3o Holanda-Brasil. O programa prev\u00ea a participa\u00e7\u00e3o de ag\u00eancias de fomento, universidades, institutos de pesquisa e empresas.<\/p>\n<p>O an\u00fancio foi feito por Hans Schutte, diretor-geral do Minist\u00e9rio da Educa\u00e7\u00e3o, Cultura e Ci\u00eancia dos Pa\u00edses Baixos, durante o \u201cWorkshop Brazil-Netherlands Public-Private Collaboration on Biorefineries (Workshop Brasil-Holanda sobre Colabora\u00e7\u00e3o P\u00fablico-Privada em Biorrefinarias).<\/p>\n<p>Realizado em 23 de novembro na sede da FAPESP, em S\u00e3o Paulo, o evento teve a presen\u00e7a de Carlos Henrique de Brito Cruz, diretor cient\u00edfico da Funda\u00e7\u00e3o, entre outros participantes.<\/p>\n<p>\u201cPrecisamos ainda acertar os detalhes. Mas estou feliz em anunciar que o governo holand\u00eas pretende apoiar a colabora\u00e7\u00e3o holandesa-brasileira ao longo dos pr\u00f3ximos anos\u201d, disse Schutte. E, dirigindo-se aos pesquisadores presentes, acrescentou: \u201cEstimulo todos voc\u00eas a elaborarem planos ambiciosos. Daremos in\u00edcio ao programa em minha pr\u00f3xima visita ao Brasil, em mar\u00e7o ou abril de 2016\u201d.<\/p>\n<p>O workshop fez um balan\u00e7o da colabora\u00e7\u00e3o entre institui\u00e7\u00f5es dos dois pa\u00edses no campo dos biocombust\u00edveis e prop\u00f4s o novo programa p\u00fablico-privado, com foco em biorrefinarias sustent\u00e1veis, biocombust\u00edveis e produtos qu\u00edmicos avan\u00e7ados, pr\u00e9-tratamento da mat\u00e9ria-prima e forma\u00e7\u00e3o de profissionais altamente qualificados.<\/p>\n<p>Os Pa\u00edses Baixos disp\u00f5em de um grande cons\u00f3rcio p\u00fablico-privado para o desenvolvimento de solu\u00e7\u00f5es industriais baseadas em biotecnologia: o BE-Basic (Biotechnology based Ecologically Balanced Sustainable Industrial Consortium). O cons\u00f3rcio iniciou suas atividades em 2010, com um or\u00e7amento de \u20ac120 milh\u00f5es, metade destinada pelo Minist\u00e9rio de Assuntos Econ\u00f4micos, Agricultura e Inova\u00e7\u00e3o dos Pa\u00edses Baixos e metade por universidades, institutos de pesquisa e empresas.<\/p>\n<p>A FAPESP mant\u00e9m  com o BE-Basic desde 2010. A Funda\u00e7\u00e3o apoiou, ao todo, , cinco em andamento e outros cinco j\u00e1 conclu\u00eddos.<\/p>\n<p>A expectativa holandesa em rela\u00e7\u00e3o ao novo programa est\u00e1 relacionada com uma transi\u00e7\u00e3o na matriz energ\u00e9tica do pa\u00eds europeu. O governo dos Pa\u00edses Baixos definiu, para 2050, um cen\u00e1rio com 50% de biocombust\u00edveis na avia\u00e7\u00e3o, 33% na marinha e 17% no transporte rodoferrovi\u00e1rio.<\/p>\n","protected":false},"excerpt":{"rendered":"<p>Ag\u00eancia FAPESP \u2013 O governo dos Pa\u00edses Baixos dever\u00e1 destinar substancial apoio financeiro para o desenvolvimento de parceria p\u00fablico-privada entre institui\u00e7\u00f5es holandesas e brasileiras no setor de biocombust\u00edveis. Os valores do financiamento ainda n\u00e3o foram definidos. Mas a expectativa \u00e9 de um salto de qualidade na colabora\u00e7\u00e3o Holanda-Brasil. O programa prev\u00ea a participa\u00e7\u00e3o de ag\u00eancias [&hellip;]<\/p>\n","protected":false},"author":2,"featured_media":34985,"comment_status":"open","ping_status":"closed","sticky":false,"template":"","format":"standard","meta":{"tdm_status":"","tdm_grid_status":"","footnotes":""},"categories":[22],"tags":[],"class_list":{"0":"post-78138","1":"post","2":"type-post","3":"status-publish","4":"format-standard","5":"has-post-thumbnail","7":"category-brasil"},"_links":{"self":[{"href":"https:\/\/migracao.redenoticia.com.br\/noticia\/wp-json\/wp\/v2\/posts\/78138","targetHints":{"allow":["GET"]}}],"collection":[{"href":"https:\/\/migracao.redenoticia.com.br\/noticia\/wp-json\/wp\/v2\/posts"}],"about":[{"href":"https:\/\/migracao.redenoticia.com.br\/noticia\/wp-json\/wp\/v2\/types\/post"}],"author":[{"embeddable":true,"href":"https:\/\/migracao.redenoticia.com.br\/noticia\/wp-json\/wp\/v2\/users\/2"}],"replies":[{"embeddable":true,"href":"https:\/\/migracao.redenoticia.com.br\/noticia\/wp-json\/wp\/v2\/comments?post=78138"}],"version-history":[{"count":0,"href":"https:\/\/migracao.redenoticia.com.br\/noticia\/wp-json\/wp\/v2\/posts\/78138\/revisions"}],"wp:featuredmedia":[{"embeddable":true,"href":"https:\/\/migracao.redenoticia.com.br\/noticia\/wp-json\/wp\/v2\/media\/34985"}],"wp:attachment":[{"href":"https:\/\/migracao.redenoticia.com.br\/noticia\/wp-json\/wp\/v2\/media?parent=78138"}],"wp:term":[{"taxonomy":"category","embeddable":true,"href":"https:\/\/migracao.redenoticia.com.br\/noticia\/wp-json\/wp\/v2\/categories?post=78138"},{"taxonomy":"post_tag","embeddable":true,"href":"https:\/\/migracao.redenoticia.com.br\/noticia\/wp-json\/wp\/v2\/tags?post=78138"}],"curies":[{"name":"wp","href":"https:\/\/api.w.org\/{rel}","templated":true}]}}