{"id":78144,"date":"2015-11-30T15:05:09","date_gmt":"2015-11-30T17:05:09","guid":{"rendered":"http:\/\/www.redenoticia.com.br\/noticia\/?p=78144"},"modified":"2015-11-30T15:05:09","modified_gmt":"2015-11-30T17:05:09","slug":"visite-a-caverna-do-diabo-destino-perfeito-para-os-amantes-de-ecoturismo","status":"publish","type":"post","link":"https:\/\/migracao.redenoticia.com.br\/noticia\/2015\/visite-a-caverna-do-diabo-destino-perfeito-para-os-amantes-de-ecoturismo\/78144","title":{"rendered":"Visite a Caverna do Diabo: destino perfeito para os amantes de ecoturismo"},"content":{"rendered":"<p>Um para\u00edso ecol\u00f3gico localizado no Vale do Ribeira, mais precisamente dentro do Parque Estadual <strong><em>Caverna do Diabo<\/em><\/strong>. \u00c9 assim que pode ser definida essa escultura da natureza, a Gruta da Tapagem, que ficou conhecida popularmente Caverna do Diabo. Localizada no munic\u00edpio de Eldorado, a 295 km da capital, com acesso pela R\u00e9gis Bittencourt (BR-116), ela ainda est\u00e1 rodeada de trilhas, cachoeiras e mirantes com vistas skyline.<\/p>\n<p>Tida como um verdadeiro patrim\u00f4nio ambiental, a caverna impressiona pela beleza. H\u00e1 diferentes tipos de passeios, um deles &#8211; de n\u00edvel f\u00e1cil &#8211; \u00e9 indicado aos que n\u00e3o praticam ecoturismo e tem dura\u00e7\u00e3o m\u00e9dia de 50 minutos. Nele, por meio de uma visita monitorada, os turistas podem desbravar a trilha do Ara\u00e7\u00e1. A recompensa, al\u00e9m dos encantos da pr\u00f3pria Caverna, \u00e9 avistar tr\u00eas quedas d&#8217;\u00e1gua, duas formam po\u00e7os de \u00e1guas cristalinas boas para um mergulho.<\/p>\n<p>Aos mais aventureiros, a trilha para o Mirante do Governador \u00e9 uma boa pedida. Com n\u00edvel m\u00e9dio de dificuldade, \u00e9 preciso 2 horas e 30 minutos para completar o percurso. Do alto, os visitantes podem apreciar uma vista panor\u00e2mica do Vale do Ribeira. Vale lembrar que a caverna conta com escadarias, corrim\u00f5es e ilumina\u00e7\u00e3o, o que facilita o acesso mesmo para quem tem dificuldade de locomo\u00e7\u00e3o. No Centro de Visitantes h\u00e1 exposi\u00e7\u00e3o tem\u00e1tica sobre o ecossistema da Mata Atl\u00e2ntica e suas cavernas.<\/p>\n<p>SERVI\u00c7O<br \/>\nParque Estadual Caverna do Diabo<br \/>\nHor\u00e1rio de atendimento ao p\u00fablico: de ter\u00e7a-feira a domingo das 8h \u00e0s 17h;<br \/>\nIngresso: R$ 12,00 (crian\u00e7as at\u00e9 12 anos, adultos com mais de 60 anos e pessoas com defici\u00eancia n\u00e3o pagam) estudantes pagam meia-entrada;<br \/>\nFeriados prolongados: abertura nas segundas-feiras das 8h \u00e0s 17h e fechamento no dia \u00fatil subsequente;<br \/>\nF\u00e9rias (de 1\u00ba a 31 de janeiro, e de 1\u00ba a 30 julho): de segunda-feira a domingo, das 8h \u00e0s 17h;<br \/>\n\u00c9 obrigat\u00f3rio o servi\u00e7o de monitoria ambiental aut\u00f4noma (valor de R$ 11,00\/pessoa);<br \/>\nTelefone: (13) 3871-1242 (sede) | (13) 3871-0259;<br \/>\nAcesso: saindo de S\u00e3o Paulo, o acesso ao Parque \u00e9 feito pela rodovia R\u00e9gis Bittencourt (BR-116), at\u00e9 a cidade de Jacupiranga (km 446). Segue-se ent\u00e3o pela rodovia SP-193 (Rodovia Jos\u00e9 Edgard Carneiro dos Santos) at\u00e9 a cidade de Eldorado e, posteriormente, pela SP-165, em dire\u00e7\u00e3o \u00e0 Serra Andr\u00e9 Lopes. A dist\u00e2ncia total a partir da cidade de S\u00e3o Paulo \u00e9 de 295 km.<\/p>\n<p>Do Portal do Governo do Estado\u00a0SP<\/p>\n","protected":false},"excerpt":{"rendered":"<p>Um para\u00edso ecol\u00f3gico localizado no Vale do Ribeira, mais precisamente dentro do Parque Estadual Caverna do Diabo. \u00c9 assim que pode ser definida essa escultura da natureza, a Gruta da Tapagem, que ficou conhecida popularmente Caverna do Diabo. Localizada no munic\u00edpio de Eldorado, a 295 km da capital, com acesso pela R\u00e9gis Bittencourt (BR-116), ela [&hellip;]<\/p>\n","protected":false},"author":2,"featured_media":39993,"comment_status":"open","ping_status":"closed","sticky":false,"template":"","format":"standard","meta":{"tdm_status":"","tdm_grid_status":"","footnotes":""},"categories":[22],"tags":[],"class_list":{"0":"post-78144","1":"post","2":"type-post","3":"status-publish","4":"format-standard","5":"has-post-thumbnail","7":"category-brasil"},"_links":{"self":[{"href":"https:\/\/migracao.redenoticia.com.br\/noticia\/wp-json\/wp\/v2\/posts\/78144","targetHints":{"allow":["GET"]}}],"collection":[{"href":"https:\/\/migracao.redenoticia.com.br\/noticia\/wp-json\/wp\/v2\/posts"}],"about":[{"href":"https:\/\/migracao.redenoticia.com.br\/noticia\/wp-json\/wp\/v2\/types\/post"}],"author":[{"embeddable":true,"href":"https:\/\/migracao.redenoticia.com.br\/noticia\/wp-json\/wp\/v2\/users\/2"}],"replies":[{"embeddable":true,"href":"https:\/\/migracao.redenoticia.com.br\/noticia\/wp-json\/wp\/v2\/comments?post=78144"}],"version-history":[{"count":0,"href":"https:\/\/migracao.redenoticia.com.br\/noticia\/wp-json\/wp\/v2\/posts\/78144\/revisions"}],"wp:featuredmedia":[{"embeddable":true,"href":"https:\/\/migracao.redenoticia.com.br\/noticia\/wp-json\/wp\/v2\/media\/39993"}],"wp:attachment":[{"href":"https:\/\/migracao.redenoticia.com.br\/noticia\/wp-json\/wp\/v2\/media?parent=78144"}],"wp:term":[{"taxonomy":"category","embeddable":true,"href":"https:\/\/migracao.redenoticia.com.br\/noticia\/wp-json\/wp\/v2\/categories?post=78144"},{"taxonomy":"post_tag","embeddable":true,"href":"https:\/\/migracao.redenoticia.com.br\/noticia\/wp-json\/wp\/v2\/tags?post=78144"}],"curies":[{"name":"wp","href":"https:\/\/api.w.org\/{rel}","templated":true}]}}