{"id":78146,"date":"2015-11-30T15:11:34","date_gmt":"2015-11-30T17:11:34","guid":{"rendered":"http:\/\/www.redenoticia.com.br\/noticia\/?p=78146"},"modified":"2015-11-30T15:11:34","modified_gmt":"2015-11-30T17:11:34","slug":"pernambuco-e-recife-decretam-estado-de-emergencia-para-controle-do-aedes-aegypti","status":"publish","type":"post","link":"https:\/\/migracao.redenoticia.com.br\/noticia\/2015\/pernambuco-e-recife-decretam-estado-de-emergencia-para-controle-do-aedes-aegypti\/78146","title":{"rendered":"Pernambuco e Recife decretam estado de emerg\u00eancia para controle do Aedes aegypti"},"content":{"rendered":"<p> A cidade de Recife e o estado de Pernambuco decretaram estado de emerg\u00eancia por causa da epidemia de  <strong><em>dengue<\/em><\/strong> e do aumento de incid\u00eancias de chikungunya e zika, v\u00edrus transmitidos pelo mosquito Aedes aegypti. A decis\u00e3o ocorreu um dia ap\u00f3s o Minist\u00e9rio da Sa\u00fade confirmar a rela\u00e7\u00e3o entre infec\u00e7\u00e3o pelo v\u00edrus zika na gravidez e o nascimento de crian\u00e7as com microcefalia.<\/p>\n<p>O decreto foi assinado neste domingo pelo governador Paulo C\u00e2mara e pelo prefeito do Recife, Geraldo J\u00falio, e ser\u00e1 v\u00e1lido por 180 a partir da publica\u00e7\u00e3o, na ter\u00e7a-feira (1\u00ba). A medida considerou a altera\u00e7\u00e3o no padr\u00e3o epidemiol\u00f3gico de ocorr\u00eancias de microcefalia e tamb\u00e9m a necessidade de adotar medidas para diminuir os riscos provocados pelos tr\u00eas v\u00edrus.<\/p>\n<p>Em nota o Minist\u00e9rio da Sa\u00fade confirmou a rela\u00e7\u00e3o entre o v\u00edrus Zika e o aumento de casos de microcefalia, principalmente em Pernambuco. Exames feitos em um beb\u00ea nascido no Cear\u00e1 com microcefalia e outras malforma\u00e7\u00f5es cong\u00eanitas revelaram a presen\u00e7a do v\u00edrus em amostras de sangue e tecidos.<\/p>\n<p>Exames J\u00e1 haviam sido feitos em outras duas gestantes que tiveram os fetos diagnosticados com microcefalia e o resultado tinha sido o mesmo. Em 2014, foram 147 registros de casos da malforma\u00e7\u00e3o em todo pa\u00eds. Em 2015, s\u00f3 o estado de Pernambuco j\u00e1 registrou quase 500 casos.<\/p>\n<p>Com o decreto, o governo e a prefeitura poder\u00e3o adotar imediatamente, sem licita\u00e7\u00e3o, medidas administrativas necess\u00e1rias para imediata resposta \u00e0 situa\u00e7\u00e3o, como implanta\u00e7\u00e3o de for\u00e7a- tarefa para enfrentamento do mosquito e contrata\u00e7\u00e3o tempor\u00e1ria de profissionais.<\/p>\n<p> Aline Leal &#8211; Rep\u00f3rter da Ag\u00eancia Brasil<br \/>\nEdi\u00e7\u00e3o: Armando Cardoso<br \/>\n30\/11\/2015<\/p>\n","protected":false},"excerpt":{"rendered":"<p>A cidade de Recife e o estado de Pernambuco decretaram estado de emerg\u00eancia por causa da epidemia de dengue e do aumento de incid\u00eancias de chikungunya e zika, v\u00edrus transmitidos pelo mosquito Aedes aegypti. A decis\u00e3o ocorreu um dia ap\u00f3s o Minist\u00e9rio da Sa\u00fade confirmar a rela\u00e7\u00e3o entre infec\u00e7\u00e3o pelo v\u00edrus zika na gravidez e [&hellip;]<\/p>\n","protected":false},"author":2,"featured_media":40847,"comment_status":"open","ping_status":"closed","sticky":false,"template":"","format":"standard","meta":{"tdm_status":"","tdm_grid_status":"","footnotes":""},"categories":[22,5],"tags":[],"class_list":{"0":"post-78146","1":"post","2":"type-post","3":"status-publish","4":"format-standard","5":"has-post-thumbnail","7":"category-brasil","8":"category-saude-e-vida"},"_links":{"self":[{"href":"https:\/\/migracao.redenoticia.com.br\/noticia\/wp-json\/wp\/v2\/posts\/78146","targetHints":{"allow":["GET"]}}],"collection":[{"href":"https:\/\/migracao.redenoticia.com.br\/noticia\/wp-json\/wp\/v2\/posts"}],"about":[{"href":"https:\/\/migracao.redenoticia.com.br\/noticia\/wp-json\/wp\/v2\/types\/post"}],"author":[{"embeddable":true,"href":"https:\/\/migracao.redenoticia.com.br\/noticia\/wp-json\/wp\/v2\/users\/2"}],"replies":[{"embeddable":true,"href":"https:\/\/migracao.redenoticia.com.br\/noticia\/wp-json\/wp\/v2\/comments?post=78146"}],"version-history":[{"count":0,"href":"https:\/\/migracao.redenoticia.com.br\/noticia\/wp-json\/wp\/v2\/posts\/78146\/revisions"}],"wp:featuredmedia":[{"embeddable":true,"href":"https:\/\/migracao.redenoticia.com.br\/noticia\/wp-json\/wp\/v2\/media\/40847"}],"wp:attachment":[{"href":"https:\/\/migracao.redenoticia.com.br\/noticia\/wp-json\/wp\/v2\/media?parent=78146"}],"wp:term":[{"taxonomy":"category","embeddable":true,"href":"https:\/\/migracao.redenoticia.com.br\/noticia\/wp-json\/wp\/v2\/categories?post=78146"},{"taxonomy":"post_tag","embeddable":true,"href":"https:\/\/migracao.redenoticia.com.br\/noticia\/wp-json\/wp\/v2\/tags?post=78146"}],"curies":[{"name":"wp","href":"https:\/\/api.w.org\/{rel}","templated":true}]}}