{"id":78148,"date":"2015-11-30T15:23:01","date_gmt":"2015-11-30T17:23:01","guid":{"rendered":"http:\/\/www.redenoticia.com.br\/noticia\/?p=78148"},"modified":"2015-11-30T15:23:01","modified_gmt":"2015-11-30T17:23:01","slug":"sao-paulo-tem-novembro-mais-chuvoso-em-20-anos","status":"publish","type":"post","link":"https:\/\/migracao.redenoticia.com.br\/noticia\/2015\/sao-paulo-tem-novembro-mais-chuvoso-em-20-anos\/78148","title":{"rendered":"S\u00e3o Paulo tem novembro mais chuvoso em 20 anos"},"content":{"rendered":"<p>Este novembro \u00e9 o mais chuvoso na capital paulista desde 1995, quando come\u00e7aram as medi\u00e7\u00f5es nas subprefeituras de S\u00e3o Paulo. Segundo o Centro de Gerenciamento de Emerg\u00eancias (CGE) de S\u00e3o Paulo, at\u00e9 as 7h do domingo (29), o volume m\u00e9dio de chuva na cidade tinha alcan\u00e7ado 221,1 mm, valor quase 71% superior \u00e0 m\u00e9dia de <strong><em>chuvas<\/em><\/strong> em novembro, estimada em 129,5 mm.<\/p>\n<p>As chuvas tamb\u00e9m t\u00eam alcan\u00e7ado o sistema Cantareira, que abastece cerca de 5,3 milh\u00f5es de pessoas na grande S\u00e3o Paulo. O sistema completou 13 dias de alta, embora o n\u00edvel de capta\u00e7\u00e3o de \u00e1gua continue no volume morto. O sistema acumula o maior volume de chuvas para um m\u00eas de novembro desde 2009. Neste m\u00eas, segundo a Companhia de Saneamento B\u00e1sico do Estado de S\u00e3o Paulo (Sabesp), o manancial recebeu 188,5 mil\u00edmetros de chuva, acima da m\u00e9dia hist\u00f3rica, estimada em 160,4 mm. Em novembro de 2009, o volume de chuvas para o m\u00eas somou 237,6 mm.<\/p>\n<p>De acordo com o CGE, o tempo deve continuar inst\u00e1vel. O solo encharcado e a probabilidade de continuidade das chuvas facilitam a forma\u00e7\u00e3o de alagamentos na cidade.<\/p>\n<p>Para os pr\u00f3ximos dias, a tend\u00eancia \u00e9 de queda da temperatura. N\u00e3o h\u00e1 expectativa de chuva forte, mas deve chover de forma intermitente, com intensidade leve.<\/p>\n<p>Elaine Patricia Cruz \u2013 Rep\u00f3rter da Ag\u00eancia Brasileira<br \/>\nEdi\u00e7\u00e3o: Denise Griesinger<br \/>\n30\/11\/2015<\/p>\n","protected":false},"excerpt":{"rendered":"<p>Este novembro \u00e9 o mais chuvoso na capital paulista desde 1995, quando come\u00e7aram as medi\u00e7\u00f5es nas subprefeituras de S\u00e3o Paulo. Segundo o Centro de Gerenciamento de Emerg\u00eancias (CGE) de S\u00e3o Paulo, at\u00e9 as 7h do domingo (29), o volume m\u00e9dio de chuva na cidade tinha alcan\u00e7ado 221,1 mm, valor quase 71% superior \u00e0 m\u00e9dia de [&hellip;]<\/p>\n","protected":false},"author":2,"featured_media":26302,"comment_status":"open","ping_status":"closed","sticky":false,"template":"","format":"standard","meta":{"tdm_status":"","tdm_grid_status":"","footnotes":""},"categories":[22],"tags":[],"class_list":{"0":"post-78148","1":"post","2":"type-post","3":"status-publish","4":"format-standard","5":"has-post-thumbnail","7":"category-brasil"},"_links":{"self":[{"href":"https:\/\/migracao.redenoticia.com.br\/noticia\/wp-json\/wp\/v2\/posts\/78148","targetHints":{"allow":["GET"]}}],"collection":[{"href":"https:\/\/migracao.redenoticia.com.br\/noticia\/wp-json\/wp\/v2\/posts"}],"about":[{"href":"https:\/\/migracao.redenoticia.com.br\/noticia\/wp-json\/wp\/v2\/types\/post"}],"author":[{"embeddable":true,"href":"https:\/\/migracao.redenoticia.com.br\/noticia\/wp-json\/wp\/v2\/users\/2"}],"replies":[{"embeddable":true,"href":"https:\/\/migracao.redenoticia.com.br\/noticia\/wp-json\/wp\/v2\/comments?post=78148"}],"version-history":[{"count":0,"href":"https:\/\/migracao.redenoticia.com.br\/noticia\/wp-json\/wp\/v2\/posts\/78148\/revisions"}],"wp:featuredmedia":[{"embeddable":true,"href":"https:\/\/migracao.redenoticia.com.br\/noticia\/wp-json\/wp\/v2\/media\/26302"}],"wp:attachment":[{"href":"https:\/\/migracao.redenoticia.com.br\/noticia\/wp-json\/wp\/v2\/media?parent=78148"}],"wp:term":[{"taxonomy":"category","embeddable":true,"href":"https:\/\/migracao.redenoticia.com.br\/noticia\/wp-json\/wp\/v2\/categories?post=78148"},{"taxonomy":"post_tag","embeddable":true,"href":"https:\/\/migracao.redenoticia.com.br\/noticia\/wp-json\/wp\/v2\/tags?post=78148"}],"curies":[{"name":"wp","href":"https:\/\/api.w.org\/{rel}","templated":true}]}}