{"id":78150,"date":"2015-11-30T15:27:14","date_gmt":"2015-11-30T17:27:14","guid":{"rendered":"http:\/\/www.redenoticia.com.br\/noticia\/?p=78150"},"modified":"2015-11-30T15:27:14","modified_gmt":"2015-11-30T17:27:14","slug":"projecao-para-a-inflacao-este-ano-chega-a-1038","status":"publish","type":"post","link":"https:\/\/migracao.redenoticia.com.br\/noticia\/2015\/projecao-para-a-inflacao-este-ano-chega-a-1038\/78150","title":{"rendered":"Proje\u00e7\u00e3o para a infla\u00e7\u00e3o este ano chega a 10,38%"},"content":{"rendered":"<p>Desta vez, a estimativa para o <strong><em>\u00cdndice Nacional de Pre\u00e7os ao Consumidor Amplo<\/em><\/strong> (IPCA) passou de 10,33% para 10,38%, de acordo com dados do boletim Focus. O boletim \u00e9 uma publica\u00e7\u00e3o semanal do Banco Central (BC), com base em proje\u00e7\u00f5es de institui\u00e7\u00f5es financeiras para indicadores econ\u00f4micos.<\/p>\n<p>Para 2016, a estimativa para o IPCA segue em 6,64%. No boletim da segunda-feira passada (23), a proje\u00e7\u00e3o ultrapassou pela primeira vez o limite da meta, 6,5%. O centro da meta de infla\u00e7\u00e3o \u00e9 4,5%.<\/p>\n<p>Por conta das indefini\u00e7\u00f5es e altera\u00e7\u00f5es na pol\u00edtica fiscal do governo, o BC espera que a infla\u00e7\u00e3o fique na meta somente em 2017.<\/p>\n<p>Na ata da \u00faltima reuni\u00e3o do Comit\u00ea de Pol\u00edtica Monet\u00e1ria (Copom), o BC disse que as indefini\u00e7\u00f5es e altera\u00e7\u00f5es significativas na meta fiscal mudam as expectativas para a infla\u00e7\u00e3o e criam uma percep\u00e7\u00e3o negativa sobre o ambiente econ\u00f4mico.<\/p>\n<p>Antes de adiar o objetivo de levar a infla\u00e7\u00e3o ao centro da meta, o Copom elevou a taxa b\u00e1sica de juros, a Selic, por sete vezes consecutivas.<\/p>\n<p>Na reuni\u00e3o de setembro, outubro e novembro, o Copom optou por manter a Selic em 14,25% ao ano.<\/p>\n<p>A taxa \u00e9 usada nas negocia\u00e7\u00f5es de t\u00edtulos p\u00fablicos no Sistema Especial de Liquida\u00e7\u00e3o e Cust\u00f3dia (Selic) e serve como refer\u00eancia para as demais taxas de juros da economia.<\/p>\n<p>Ao reajust\u00e1-la para cima, o BC cont\u00e9m o excesso de demanda que pressiona os pre\u00e7os, porque os juros mais altos encarecem o cr\u00e9dito e estimulam a poupan\u00e7a.<\/p>\n<p>A pesquisa do BC tamb\u00e9m traz a proje\u00e7\u00e3o para a infla\u00e7\u00e3o medida pelo \u00cdndice Geral de Pre\u00e7os \u2013 Disponibilidade Interna (IGP-DI), que passou de 10,90% para 10,91%, este ano.<\/p>\n<p>Para o \u00cdndice Geral de Pre\u00e7os &#8211; Mercado (IGP-M), a estimativa subiu de 10,38% para 10,77%, em 2015.<\/p>\n<p>A estimativa para o \u00cdndice de Pre\u00e7os ao Consumidor da Funda\u00e7\u00e3o Instituto de Pesquisas Econ\u00f4micas (IPC-Fipe) permanece em 10,32%, este ano.<\/p>\n<p>A proje\u00e7\u00e3o para a alta dos pre\u00e7os administrados passou de 17,43% para 17,50%, este ano, e 7% para 7,08%, em 2016.<\/p>\n<p>A infla\u00e7\u00e3o alta vem acompanhada de encolhimento da economia. A proje\u00e7\u00e3o para a queda do Produto Interno Bruto (PIB), soma de todos os bens e servi\u00e7os produzidos no pa\u00eds, este ano, passou de 3,15% para 3,19%, no segundo ajuste consecutivo.<\/p>\n<p>Para 2016, a proje\u00e7\u00e3o de retra\u00e7\u00e3o passou de 2,01% para 2,04%, no oitavo ajuste seguido.<\/p>\n<p>Na avalia\u00e7\u00e3o do mercado financeiro, a produ\u00e7\u00e3o industrial deve ter uma queda de 7,5%, este ano, e de 2,3% em 2016.<\/p>\n<p>A proje\u00e7\u00e3o para o d\u00f3lar permanece em R$ 3,95, ao final deste ano, e em R$ 4,20, no fim de 2016.<\/p>\n<p>Kelly Oliveira &#8211; Rep\u00f3rter da Ag\u00eancia Brasil<br \/>\nEdi\u00e7\u00e3o: Kleber Sampaio<br \/>\n30\/11\/2015<\/p>\n","protected":false},"excerpt":{"rendered":"<p>Desta vez, a estimativa para o \u00cdndice Nacional de Pre\u00e7os ao Consumidor Amplo (IPCA) passou de 10,33% para 10,38%, de acordo com dados do boletim Focus. O boletim \u00e9 uma publica\u00e7\u00e3o semanal do Banco Central (BC), com base em proje\u00e7\u00f5es de institui\u00e7\u00f5es financeiras para indicadores econ\u00f4micos. Para 2016, a estimativa para o IPCA segue em [&hellip;]<\/p>\n","protected":false},"author":2,"featured_media":34916,"comment_status":"open","ping_status":"closed","sticky":false,"template":"","format":"standard","meta":{"tdm_status":"","tdm_grid_status":"","footnotes":""},"categories":[22,7],"tags":[],"class_list":{"0":"post-78150","1":"post","2":"type-post","3":"status-publish","4":"format-standard","5":"has-post-thumbnail","7":"category-brasil","8":"category-economia"},"_links":{"self":[{"href":"https:\/\/migracao.redenoticia.com.br\/noticia\/wp-json\/wp\/v2\/posts\/78150","targetHints":{"allow":["GET"]}}],"collection":[{"href":"https:\/\/migracao.redenoticia.com.br\/noticia\/wp-json\/wp\/v2\/posts"}],"about":[{"href":"https:\/\/migracao.redenoticia.com.br\/noticia\/wp-json\/wp\/v2\/types\/post"}],"author":[{"embeddable":true,"href":"https:\/\/migracao.redenoticia.com.br\/noticia\/wp-json\/wp\/v2\/users\/2"}],"replies":[{"embeddable":true,"href":"https:\/\/migracao.redenoticia.com.br\/noticia\/wp-json\/wp\/v2\/comments?post=78150"}],"version-history":[{"count":0,"href":"https:\/\/migracao.redenoticia.com.br\/noticia\/wp-json\/wp\/v2\/posts\/78150\/revisions"}],"wp:featuredmedia":[{"embeddable":true,"href":"https:\/\/migracao.redenoticia.com.br\/noticia\/wp-json\/wp\/v2\/media\/34916"}],"wp:attachment":[{"href":"https:\/\/migracao.redenoticia.com.br\/noticia\/wp-json\/wp\/v2\/media?parent=78150"}],"wp:term":[{"taxonomy":"category","embeddable":true,"href":"https:\/\/migracao.redenoticia.com.br\/noticia\/wp-json\/wp\/v2\/categories?post=78150"},{"taxonomy":"post_tag","embeddable":true,"href":"https:\/\/migracao.redenoticia.com.br\/noticia\/wp-json\/wp\/v2\/tags?post=78150"}],"curies":[{"name":"wp","href":"https:\/\/api.w.org\/{rel}","templated":true}]}}