{"id":7817,"date":"2009-08-06T14:31:27","date_gmt":"2009-08-06T18:31:27","guid":{"rendered":"http:\/\/www.redenoticia.com.br\/noticia\/?p=7817"},"modified":"2009-11-08T19:36:44","modified_gmt":"2009-11-08T23:36:44","slug":"uerj-abre-vagas-para-a-formacao-de-psicanalistas-2","status":"publish","type":"post","link":"https:\/\/migracao.redenoticia.com.br\/noticia\/2009\/uerj-abre-vagas-para-a-formacao-de-psicanalistas-2\/7817","title":{"rendered":"UERJ abre vagas para a forma\u00e7\u00e3o de psicanalistas"},"content":{"rendered":"<p>O Mestrado em Psican\u00e1lise do Instituto de Psicologia da Universidade do Estado do Rio de Janeiro (UERJ) est\u00e1 com inscri\u00e7\u00f5es abertas para selecionar alunos. At\u00e9 o dia 20 de agosto, pessoas com diploma de Psicologia ou \u00e1reas afins podem se candidatar a uma das 15 vagas. A p\u00f3s-gradua\u00e7\u00e3o est\u00e1 focada na integra\u00e7\u00e3o entre pesquisa cient\u00edfica e aspectos te\u00f3rico-cl\u00ednicos na forma\u00e7\u00e3o do psicanalista.<\/p>\n<p>Com dura\u00e7\u00e3o de dois anos, o curso come\u00e7a em mar\u00e7o do ano que vem. O Mestrado em Psican\u00e1lise busca criar condi\u00e7\u00f5es acad\u00eamicas para o desenvolvimento de estudos avan\u00e7ados. Para isso, o ponto de partida s\u00e3o os impasses e desafios que se colocam na pr\u00e1tica cl\u00ednica do psicanalista.<\/p>\n<p>As inscri\u00e7\u00f5es para sele\u00e7\u00e3o de mestrandos podem ser feitas na sala do Programa de P\u00f3s-Gradua\u00e7\u00e3o em Psican\u00e1lise, na UERJ, Pavilh\u00e3o Jo\u00e3o Lyra Filho, 10\u00b0 andar, bloco B, sala 10.024, Maracan\u00e3, Rio de Janeiro. A taxa de sele\u00e7\u00e3o \u00e9 de R$ 100,00. D\u00favidas sobre o curso podem ser encaminhadas a\u00a0<a href=\"javascript:location.href='mailto:'+String.fromCharCode(112,103,112,115,97,64,117,101,114,106,46,98,114)+'?'\">pgpsa@uerj.br<\/a>. Para mais informa\u00e7\u00f5es, entre em contato com o Centro de Produ\u00e7\u00e3o da UERJ pelo telefone (21) 2334-0639.<\/p>\n","protected":false},"excerpt":{"rendered":"<p>O Mestrado em Psican\u00e1lise do Instituto de Psicologia da Universidade do Estado do Rio de Janeiro (UERJ) est\u00e1 com inscri\u00e7\u00f5es abertas para selecionar alunos. At\u00e9 o dia 20 de agosto, pessoas com diploma de Psicologia ou \u00e1reas afins podem se candidatar a uma das 15 vagas. A p\u00f3s-gradua\u00e7\u00e3o est\u00e1 focada na integra\u00e7\u00e3o entre pesquisa cient\u00edfica [&hellip;]<\/p>\n","protected":false},"author":2,"featured_media":0,"comment_status":"open","ping_status":"open","sticky":false,"template":"","format":"standard","meta":{"tdm_status":"","tdm_grid_status":"","footnotes":""},"categories":[5],"tags":[],"class_list":{"0":"post-7817","1":"post","2":"type-post","3":"status-publish","4":"format-standard","6":"category-saude-e-vida"},"_links":{"self":[{"href":"https:\/\/migracao.redenoticia.com.br\/noticia\/wp-json\/wp\/v2\/posts\/7817","targetHints":{"allow":["GET"]}}],"collection":[{"href":"https:\/\/migracao.redenoticia.com.br\/noticia\/wp-json\/wp\/v2\/posts"}],"about":[{"href":"https:\/\/migracao.redenoticia.com.br\/noticia\/wp-json\/wp\/v2\/types\/post"}],"author":[{"embeddable":true,"href":"https:\/\/migracao.redenoticia.com.br\/noticia\/wp-json\/wp\/v2\/users\/2"}],"replies":[{"embeddable":true,"href":"https:\/\/migracao.redenoticia.com.br\/noticia\/wp-json\/wp\/v2\/comments?post=7817"}],"version-history":[{"count":0,"href":"https:\/\/migracao.redenoticia.com.br\/noticia\/wp-json\/wp\/v2\/posts\/7817\/revisions"}],"wp:attachment":[{"href":"https:\/\/migracao.redenoticia.com.br\/noticia\/wp-json\/wp\/v2\/media?parent=7817"}],"wp:term":[{"taxonomy":"category","embeddable":true,"href":"https:\/\/migracao.redenoticia.com.br\/noticia\/wp-json\/wp\/v2\/categories?post=7817"},{"taxonomy":"post_tag","embeddable":true,"href":"https:\/\/migracao.redenoticia.com.br\/noticia\/wp-json\/wp\/v2\/tags?post=7817"}],"curies":[{"name":"wp","href":"https:\/\/api.w.org\/{rel}","templated":true}]}}