{"id":78211,"date":"2015-12-01T17:26:32","date_gmt":"2015-12-01T19:26:32","guid":{"rendered":"http:\/\/www.redenoticia.com.br\/noticia\/?p=78211"},"modified":"2015-12-01T17:26:32","modified_gmt":"2015-12-01T19:26:32","slug":"pib-cai-17-no-terceiro-trimestre-do-ano","status":"publish","type":"post","link":"https:\/\/migracao.redenoticia.com.br\/noticia\/2015\/pib-cai-17-no-terceiro-trimestre-do-ano\/78211","title":{"rendered":"PIB cai 1,7% no terceiro trimestre do ano"},"content":{"rendered":"<p>O <strong><em>Produto Interno Bruto<\/em><\/strong> (PIB), soma de todos os bens e servi\u00e7os produzidos no pa\u00eds, fechou o terceiro trimestre do ano com queda de 1,7% em rela\u00e7\u00e3o ao trimestre imediatamente anterior. Os dados das Contas Nacionais foram divulgados pelo Instituto Brasileiro de Geografia e Estat\u00edstica (IBGE) e indicam a maior retra\u00e7\u00e3o do PIB em terceiros trimestres, desde o in\u00edcio da s\u00e9rie hist\u00f3rica em 1996.<\/p>\n<p>Na compara\u00e7\u00e3o com o mesmo per\u00edodo do ano passado, a queda chega a 4,5%, enquanto no acumulado dos \u00faltimos quatro trimestres a queda \u00e9 de 2,5%. No ano, o PIB acumula queda de 3,2%.<\/p>\n<p>Na an\u00e1lise dos subsetores da economia, a agricultura teve retra\u00e7\u00e3o de 2,4% no per\u00edodo, a ind\u00fastria caiu 1,3% e o setor de servi\u00e7os registrou queda de 1%.<\/p>\n<p>Os dados do IBGE mostram ainda que o consumo das fam\u00edlias caiu 1,5% e o do governo, 0,3%.<\/p>\n<p>Nielmar de Oliveira \u2013 Rep\u00f3rter da Ag\u00eancia Brasil<br \/>\nEdi\u00e7\u00e3o: Denise Griesinger<br \/>\n01\/12\/2015<br \/>\n&#8212;<br \/>\nA Empresa Brasil de Comunica\u00e7\u00e3o \u00e9 uma institui\u00e7\u00e3o da democracia brasileira: p\u00fablica, inclusiva e cidad\u00e3. Criada em 2007 para fortalecer o sistema p\u00fablico de comunica\u00e7\u00e3o, \u00e9 gestora dos canais TV Brasil, TV Brasil Internacional, Ag\u00eancia Brasil, Radioag\u00eancia Nacional e do sistema p\u00fablico de R\u00e1dio \u2013 composto por oito emissoras. Estes, por sua independ\u00eancia editorial, distinguem-se dos canais estatais ou governamentais, com conte\u00fados diferenciados e complementares aos canais privados. Os ve\u00edculos da EBC t\u00eam autonomia para definir produ\u00e7\u00e3o, programa\u00e7\u00e3o e distribui\u00e7\u00e3o de conte\u00fados.<\/p>\n","protected":false},"excerpt":{"rendered":"<p>O Produto Interno Bruto (PIB), soma de todos os bens e servi\u00e7os produzidos no pa\u00eds, fechou o terceiro trimestre do ano com queda de 1,7% em rela\u00e7\u00e3o ao trimestre imediatamente anterior. Os dados das Contas Nacionais foram divulgados pelo Instituto Brasileiro de Geografia e Estat\u00edstica (IBGE) e indicam a maior retra\u00e7\u00e3o do PIB em terceiros [&hellip;]<\/p>\n","protected":false},"author":2,"featured_media":57583,"comment_status":"open","ping_status":"closed","sticky":false,"template":"","format":"standard","meta":{"tdm_status":"","tdm_grid_status":"","footnotes":""},"categories":[22,7],"tags":[],"class_list":{"0":"post-78211","1":"post","2":"type-post","3":"status-publish","4":"format-standard","5":"has-post-thumbnail","7":"category-brasil","8":"category-economia"},"_links":{"self":[{"href":"https:\/\/migracao.redenoticia.com.br\/noticia\/wp-json\/wp\/v2\/posts\/78211","targetHints":{"allow":["GET"]}}],"collection":[{"href":"https:\/\/migracao.redenoticia.com.br\/noticia\/wp-json\/wp\/v2\/posts"}],"about":[{"href":"https:\/\/migracao.redenoticia.com.br\/noticia\/wp-json\/wp\/v2\/types\/post"}],"author":[{"embeddable":true,"href":"https:\/\/migracao.redenoticia.com.br\/noticia\/wp-json\/wp\/v2\/users\/2"}],"replies":[{"embeddable":true,"href":"https:\/\/migracao.redenoticia.com.br\/noticia\/wp-json\/wp\/v2\/comments?post=78211"}],"version-history":[{"count":0,"href":"https:\/\/migracao.redenoticia.com.br\/noticia\/wp-json\/wp\/v2\/posts\/78211\/revisions"}],"wp:featuredmedia":[{"embeddable":true,"href":"https:\/\/migracao.redenoticia.com.br\/noticia\/wp-json\/wp\/v2\/media\/57583"}],"wp:attachment":[{"href":"https:\/\/migracao.redenoticia.com.br\/noticia\/wp-json\/wp\/v2\/media?parent=78211"}],"wp:term":[{"taxonomy":"category","embeddable":true,"href":"https:\/\/migracao.redenoticia.com.br\/noticia\/wp-json\/wp\/v2\/categories?post=78211"},{"taxonomy":"post_tag","embeddable":true,"href":"https:\/\/migracao.redenoticia.com.br\/noticia\/wp-json\/wp\/v2\/tags?post=78211"}],"curies":[{"name":"wp","href":"https:\/\/api.w.org\/{rel}","templated":true}]}}